{"id":2801,"date":"2013-12-16T10:00:35","date_gmt":"2013-12-16T10:00:35","guid":{"rendered":"http:\/\/www.casadedois.com.br\/?p=2801"},"modified":"2019-04-18T11:38:43","modified_gmt":"2019-04-18T14:38:43","slug":"decoracao-casamento","status":"publish","type":"post","link":"https:\/\/casadedois.com.br\/blog\/decoracao-casamento\/","title":{"rendered":"Decorando com cores fortes"},"content":{"rendered":"<p style=\"text-align: justify;\">\n<p style=\"text-align: justify;\"><span style=\"font-size: 14px;\">A tend\u00eancia de usar cores fortes em\u00a0casamentos vai permanecer para 2014.<\/span><\/p>\n<p style=\"text-align: justify;\"><span style=\"font-size: 14px;\">Mas, antes de definir quais cores usar na decora\u00e7\u00e3o do seu casamento, a primeira coisa que voc\u00ea deve pensar \u00e9 em qual <a href=\"http:\/\/www.casadedois.com.br\/flores-por-epoca-do-ano\/\" target=\"_blank\" rel=\"noopener noreferrer\">esta\u00e7\u00e3o do ano<\/a>\u00a0voc\u00ea vai ser casar, para ent\u00e3o escolher as <a href=\"http:\/\/www.casadedois.com.br\/escolha-das-flores\/\" target=\"_blank\" rel=\"noopener noreferrer\">flores<\/a> e as cores formando uma atmosfera com equil\u00edbrio e propor\u00e7\u00f5es adequadas.<\/span><\/p>\n<p style=\"text-align: justify;\">\n<p style=\"text-align: justify;\"><span style=\"line-height: 1.6em; font-size: 14px;\">No caso de optar por cores fortes, um detalhe importante \u00e9 o mix das cores. Combine com\u00a0cores\u00a0mais neutras para dar equil\u00edbrio e n\u00e3o\u00a0sobrecarregar o ambiente, como tons de bege, branco e nude, por exemplo.<\/span><span style=\"line-height: 1.6em; font-size: 14px;\">\u00a0<\/span><\/p>\n<p style=\"text-align: justify;\">\n<p style=\"text-align: justify;\"><span style=\"line-height: 1.6em; font-size: 14px;\">Para se inspirar e conseguir visualizar como a decora\u00e7\u00e3o do seu grande dia pode\u00a0ficar, saiba como combinar as cores fortes de forma harmoniosa e como poder abusar de\u00a0cores como\u00a0amarelo,\u00a0azul turquesa, rosa fuxia, laranja e\u00a0vermelho, pois se n\u00e3o souber combinar\u00a0adequadamente, pode deixar a decora\u00e7\u00e3o e o ambiente pesado.<\/span><\/p>\n<p style=\"text-align: justify;\">\n<h1 style=\"text-align: justify;\"><span style=\"font-size: 22px;\">Vermelho e rosa<\/span><\/h1>\n<h1 style=\"text-align: justify;\"><img loading=\"lazy\" decoding=\"async\" width=\"600\" height=\"900\" class=\"aligncenter size-full wp-image-2804\" style=\"width: 500px; height: 750px;\" src=\"http:\/\/casadedois.com.br\/blog\/wp-content\/uploads\/2013\/12\/8d4a08f4e53a28e506c099c5d37df8b0.jpg\" alt=\"\" srcset=\"https:\/\/casadedois.com.br\/blog\/wp-content\/uploads\/2013\/12\/8d4a08f4e53a28e506c099c5d37df8b0.jpg 600w, https:\/\/casadedois.com.br\/blog\/wp-content\/uploads\/2013\/12\/8d4a08f4e53a28e506c099c5d37df8b0-200x300.jpg 200w, https:\/\/casadedois.com.br\/blog\/wp-content\/uploads\/2013\/12\/8d4a08f4e53a28e506c099c5d37df8b0-100x150.jpg 100w\" sizes=\"auto, (max-width: 600px) 100vw, 600px\" \/><\/h1>\n<h1 style=\"text-align: justify;\"><span style=\"font-size: 22px;\">Vermelho e verde<\/span><\/h1>\n<h1 style=\"text-align: justify;\"><img loading=\"lazy\" decoding=\"async\" class=\"size-full wp-image-2807 aligncenter\" src=\"http:\/\/casadedois.com.br\/blog\/wp-content\/uploads\/2013\/12\/58645_431401412370_556307_n.jpg\" alt=\"\" width=\"600\" height=\"399\" srcset=\"https:\/\/casadedois.com.br\/blog\/wp-content\/uploads\/2013\/12\/58645_431401412370_556307_n.jpg 600w, https:\/\/casadedois.com.br\/blog\/wp-content\/uploads\/2013\/12\/58645_431401412370_556307_n-300x200.jpg 300w\" sizes=\"auto, (max-width: 600px) 100vw, 600px\" \/><\/h1>\n<h1 style=\"text-align: justify;\"><span style=\"font-size: 22px;\">Amarelo e preto<\/span><\/h1>\n<h1 style=\"text-align: justify;\"><img loading=\"lazy\" decoding=\"async\" class=\"size-full wp-image-2808 aligncenter\" src=\"http:\/\/casadedois.com.br\/blog\/wp-content\/uploads\/2013\/12\/196163_10150107947452371_91342_n.jpg\" alt=\"\" width=\"600\" height=\"399\" srcset=\"https:\/\/casadedois.com.br\/blog\/wp-content\/uploads\/2013\/12\/196163_10150107947452371_91342_n.jpg 600w, https:\/\/casadedois.com.br\/blog\/wp-content\/uploads\/2013\/12\/196163_10150107947452371_91342_n-300x200.jpg 300w\" sizes=\"auto, (max-width: 600px) 100vw, 600px\" \/><\/h1>\n<h1 style=\"text-align: justify;\"><span style=\"font-size: 22px;\">Azul e amarelo<\/span><\/h1>\n<h1 style=\"text-align: justify;\"><img loading=\"lazy\" decoding=\"async\" width=\"554\" height=\"742\" class=\"aligncenter size-full wp-image-2805\" style=\"width: 500px; height: 670px;\" src=\"http:\/\/casadedois.com.br\/blog\/wp-content\/uploads\/2013\/12\/80d0afcb6181c54f0331e5c8d0352d4e.jpg\" alt=\"\" srcset=\"https:\/\/casadedois.com.br\/blog\/wp-content\/uploads\/2013\/12\/80d0afcb6181c54f0331e5c8d0352d4e.jpg 554w, https:\/\/casadedois.com.br\/blog\/wp-content\/uploads\/2013\/12\/80d0afcb6181c54f0331e5c8d0352d4e-224x300.jpg 224w\" sizes=\"auto, (max-width: 554px) 100vw, 554px\" \/> <span style=\"font-size: 22px;\">Azul, amarelo e rosa<\/span><\/h1>\n<h1 style=\"text-align: justify;\"><img loading=\"lazy\" decoding=\"async\" class=\"aligncenter size-full wp-image-2811\" src=\"http:\/\/casadedois.com.br\/blog\/wp-content\/uploads\/2013\/12\/wedding-reception-ribbon-decorations.jpg\" alt=\"\" width=\"400\" height=\"577\" srcset=\"https:\/\/casadedois.com.br\/blog\/wp-content\/uploads\/2013\/12\/wedding-reception-ribbon-decorations.jpg 400w, https:\/\/casadedois.com.br\/blog\/wp-content\/uploads\/2013\/12\/wedding-reception-ribbon-decorations-208x300.jpg 208w\" sizes=\"auto, (max-width: 400px) 100vw, 400px\" \/><\/h1>\n<h1 style=\"text-align: justify;\"><span style=\"font-size: 22px;\">Laranja e rosa<\/span><\/h1>\n<h1 style=\"text-align: justify;\"><img loading=\"lazy\" decoding=\"async\" width=\"600\" height=\"819\" class=\"aligncenter size-full wp-image-2806\" style=\"width: 500px; height: 683px;\" src=\"http:\/\/casadedois.com.br\/blog\/wp-content\/uploads\/2013\/12\/703d01ed9e5c48e05872c2a356337652.jpg\" alt=\"\" srcset=\"https:\/\/casadedois.com.br\/blog\/wp-content\/uploads\/2013\/12\/703d01ed9e5c48e05872c2a356337652.jpg 600w, https:\/\/casadedois.com.br\/blog\/wp-content\/uploads\/2013\/12\/703d01ed9e5c48e05872c2a356337652-220x300.jpg 220w\" sizes=\"auto, (max-width: 600px) 100vw, 600px\" \/><\/h1>\n<p style=\"text-align: justify;\">\n<p style=\"text-align: justify;\">\n<p style=\"text-align: justify;\"><span style=\"font-size: 14px;\">E ai, curtiu? Deixe seu coment\u00e1rio!<\/span><\/p>\n<p style=\"text-align: justify;\">\n<p style=\"text-align: justify;\"><span style=\"font-size: 14px;\">Um bjo!<\/span><\/p>\n","protected":false},"excerpt":{"rendered":"<p>A tend\u00eancia de usar cores fortes em\u00a0casamentos vai permanecer para 2014. Mas, antes de definir quais cores usar na decora\u00e7\u00e3o do seu casamento, a primeira coisa que voc\u00ea deve pensar \u00e9 em qual esta\u00e7\u00e3o do ano\u00a0voc\u00ea vai ser casar, para&#8230;<\/p>\n","protected":false},"author":2,"featured_media":2804,"comment_status":"open","ping_status":"open","sticky":false,"template":"","format":"standard","meta":{"footnotes":""},"categories":[71],"tags":[],"class_list":["post-2801","post","type-post","status-publish","format-standard","has-post-thumbnail","hentry","category-etc-e-tal"],"jetpack_featured_media_url":"https:\/\/casadedois.com.br\/blog\/wp-content\/uploads\/2013\/12\/8d4a08f4e53a28e506c099c5d37df8b0.jpg","_links":{"self":[{"href":"https:\/\/casadedois.com.br\/blog\/wp-json\/wp\/v2\/posts\/2801","targetHints":{"allow":["GET"]}}],"collection":[{"href":"https:\/\/casadedois.com.br\/blog\/wp-json\/wp\/v2\/posts"}],"about":[{"href":"https:\/\/casadedois.com.br\/blog\/wp-json\/wp\/v2\/types\/post"}],"author":[{"embeddable":true,"href":"https:\/\/casadedois.com.br\/blog\/wp-json\/wp\/v2\/users\/2"}],"replies":[{"embeddable":true,"href":"https:\/\/casadedois.com.br\/blog\/wp-json\/wp\/v2\/comments?post=2801"}],"version-history":[{"count":2,"href":"https:\/\/casadedois.com.br\/blog\/wp-json\/wp\/v2\/posts\/2801\/revisions"}],"predecessor-version":[{"id":6838,"href":"https:\/\/casadedois.com.br\/blog\/wp-json\/wp\/v2\/posts\/2801\/revisions\/6838"}],"wp:featuredmedia":[{"embeddable":true,"href":"https:\/\/casadedois.com.br\/blog\/wp-json\/wp\/v2\/media\/2804"}],"wp:attachment":[{"href":"https:\/\/casadedois.com.br\/blog\/wp-json\/wp\/v2\/media?parent=2801"}],"wp:term":[{"taxonomy":"category","embeddable":true,"href":"https:\/\/casadedois.com.br\/blog\/wp-json\/wp\/v2\/categories?post=2801"},{"taxonomy":"post_tag","embeddable":true,"href":"https:\/\/casadedois.com.br\/blog\/wp-json\/wp\/v2\/tags?post=2801"}],"curies":[{"name":"wp","href":"https:\/\/api.w.org\/{rel}","templated":true}]}}