{"id":3058,"date":"2014-02-19T10:00:17","date_gmt":"2014-02-19T10:00:17","guid":{"rendered":"http:\/\/www.casadedois.com.br\/?p=3058"},"modified":"2019-07-30T17:08:14","modified_gmt":"2019-07-30T20:08:14","slug":"celebrante","status":"publish","type":"post","link":"https:\/\/casadedois.com.br\/blog\/celebrante\/","title":{"rendered":"Celebrante"},"content":{"rendered":"<p style=\"text-align: justify;\">\n<p style=\"text-align: justify;\"><span style=\"font-size: 14px;\">Primeiro de tudo, vamos esclarecer a diferen\u00e7a entre: Celebrante e Cerimonialista.<\/span><\/p>\n<p style=\"text-align: justify;\">\n<p style=\"text-align: justify;\"><span style=\"font-size: 14px;\"><strong>Celebrante:<\/strong> \u00e9 quem efetivamente realiza o casamento seja para pessoas de diferentes religi\u00f5es ou mesmo para quem n\u00e3o pertence a nenhuma.<br \/>\n<strong>Cerimonialista:<\/strong> \u00e9 quem organiza e planeja o casamento &#8211; conhecido tamb\u00e9m como assessora de eventos\/casamento &#8211; vulgo EU! rs<\/span><\/p>\n<p style=\"text-align: justify;\">\n<p style=\"text-align: justify;\"><span style=\"font-size: 14px;\">Agora que est\u00e1 claro o que \u00e9 Celebrante, vamos falar um pouquinho mais sobre o assunto&#8230;<\/span><\/p>\n<p style=\"text-align: justify;\">\n<p style=\"text-align: justify;\"><span style=\"font-size: 14px;\">Hoje em dia, como \u00e9 muito comum acontecer cerim\u00f4nias fora do ambiente religioso (igreja, sinagoga, etc..) tamb\u00e9m \u00e9 comum ver cerim\u00f4nias que n\u00e3o s\u00e3o realizadas por padres, pastores e sim pelo celebrante, que \u00e9 aquele que faz celebra\u00e7\u00f5es ecum\u00eanicas (inter-religiosas), respeitando sempre todos os tipos de f\u00e9.\u00a0<\/span><\/p>\n<p style=\"text-align: justify;\">\n<p style=\"text-align: justify;\"><span style=\"font-size: 14px;\">Casais que s\u00e3o de religi\u00f5es diferentes, os que n\u00e3o possuem nenhuma religi\u00e3o ou que apenas buscam alternativas \u00e0s cerim\u00f4nias tradicionais s\u00e3o os que mais procuram esse tipo de servi\u00e7o.\u00a0<\/span><\/p>\n<p style=\"text-align: justify;\">\n<p style=\"text-align: justify;\"><a href=\"http:\/\/casadedois.com.br\/blog\/wp-content\/uploads\/2014\/02\/000000002821605.jpg\"><img loading=\"lazy\" decoding=\"async\" class=\"aligncenter size-full wp-image-3059\" src=\"http:\/\/casadedois.com.br\/blog\/wp-content\/uploads\/2014\/02\/000000002821605.jpg\" alt=\"\" width=\"600\" height=\"399\" srcset=\"https:\/\/casadedois.com.br\/blog\/wp-content\/uploads\/2014\/02\/000000002821605.jpg 600w, https:\/\/casadedois.com.br\/blog\/wp-content\/uploads\/2014\/02\/000000002821605-300x200.jpg 300w, https:\/\/casadedois.com.br\/blog\/wp-content\/uploads\/2014\/02\/000000002821605-260x174.jpg 260w, https:\/\/casadedois.com.br\/blog\/wp-content\/uploads\/2014\/02\/000000002821605-100x67.jpg 100w, https:\/\/casadedois.com.br\/blog\/wp-content\/uploads\/2014\/02\/000000002821605-840x560.jpg 840w\" sizes=\"auto, (max-width: 600px) 100vw, 600px\" \/><\/a><\/p>\n<p style=\"text-align: justify;\">\n<span style=\"font-size: 14px;\">A vantagem do celebrante \u00e9 que a cerim\u00f4nia se torna sempre \u00fanica e s\u00f3 sua. Ela costuma ser 100% personalizado, preparada para cada ocasi\u00e3o, de acordo com o perfil dos noivos, podendo ter um vi\u00e9s mais religioso ou n\u00e3o, ou mais filos\u00f3fico ou apenas falando de amor e da vida do casal com rituais simb\u00f3licos. Alguns at\u00e9 fazem poesias ou sonetos com a hist\u00f3ria dos noivos.<\/span><\/p>\n<p style=\"text-align: justify;\">\n<span style=\"font-size: 14px;\">Levando tudo isso que mencionei em considera\u00e7\u00e3o, na hora de escolher o seu celebrante pense primeiro que tipo de cerim\u00f4nia voc\u00ea quer &#8211; espiritual, filos\u00f3fico, religioso. Depois pesquise bastante, veja v\u00eddeos das cerim\u00f4nias que realizaram e no final conhe\u00e7a os celebrantes que gostar para poder decidir &#8211; a empatia \u00e9 fundamental!<\/span><\/p>\n<p style=\"text-align: justify;\">\n<span style=\"font-size: 14px;\">Muitos casais tem optado por chamar algum amigo ou familiar querido para falar algumas palavras e fazer a cerim\u00f4nia. Todas as cerim\u00f4nias que presenciei com amigos\/familiar celebrante foram lindas, porque o celebrante dessa vez t\u00e1 falando com propriedade e realmente conhece o casal, ent\u00e3o a gente sente que a mensagem vem mesmo do cora\u00e7\u00e3o!<\/span><\/p>\n<p style=\"text-align: justify;\">\n<p style=\"text-align: justify;\"><a href=\"http:\/\/casadedois.com.br\/blog\/wp-content\/uploads\/2014\/02\/celebrante.jpg\"><img loading=\"lazy\" decoding=\"async\" class=\"aligncenter size-full wp-image-3060\" src=\"http:\/\/casadedois.com.br\/blog\/wp-content\/uploads\/2014\/02\/celebrante.jpg\" alt=\"\" width=\"540\" height=\"359\" srcset=\"https:\/\/casadedois.com.br\/blog\/wp-content\/uploads\/2014\/02\/celebrante.jpg 540w, https:\/\/casadedois.com.br\/blog\/wp-content\/uploads\/2014\/02\/celebrante-300x199.jpg 300w\" sizes=\"auto, (max-width: 540px) 100vw, 540px\" \/><\/a><\/p>\n<p style=\"text-align: justify;\">\n<span style=\"font-size: 14px;\">Se quiser o contato de um bom celebrante &#8211; super indico o <a href=\"http:\/\/www.casadedois.com.br\/francisco-panachao\/\">Francisco Panach\u00e3o<\/a> &#8211; que faz parte do nosso guia de fornecedores e \u00e9 parceiro da Casa de Dois.<\/span><\/p>\n<p style=\"text-align: justify;\">\n<span style=\"font-size: 14px;\">E o seu casamento, vai ser com celebrante?<\/span><\/p>\n<p style=\"text-align: justify;\">\n<span style=\"font-size: 14px;\">Um bjo!<\/span><\/p>\n<p style=\"text-align: justify;\">\n","protected":false},"excerpt":{"rendered":"<p>Primeiro de tudo, vamos esclarecer a diferen\u00e7a entre: Celebrante e Cerimonialista. Celebrante: \u00e9 quem efetivamente realiza o casamento seja para pessoas de diferentes religi\u00f5es ou mesmo para quem n\u00e3o pertence a nenhuma. Cerimonialista: \u00e9 quem organiza e planeja o casamento&#8230;<\/p>\n","protected":false},"author":2,"featured_media":3059,"comment_status":"open","ping_status":"open","sticky":false,"template":"","format":"standard","meta":{"footnotes":""},"categories":[10],"tags":[140,67,69,141,142],"class_list":["post-3058","post","type-post","status-publish","format-standard","has-post-thumbnail","hentry","category-a-casa-de-dois","tag-celebrante","tag-cerimonia-2","tag-cerimonia-ecumenica","tag-cerimonia-religiosa","tag-religiosa"],"jetpack_featured_media_url":"https:\/\/casadedois.com.br\/blog\/wp-content\/uploads\/2014\/02\/000000002821605.jpg","_links":{"self":[{"href":"https:\/\/casadedois.com.br\/blog\/wp-json\/wp\/v2\/posts\/3058","targetHints":{"allow":["GET"]}}],"collection":[{"href":"https:\/\/casadedois.com.br\/blog\/wp-json\/wp\/v2\/posts"}],"about":[{"href":"https:\/\/casadedois.com.br\/blog\/wp-json\/wp\/v2\/types\/post"}],"author":[{"embeddable":true,"href":"https:\/\/casadedois.com.br\/blog\/wp-json\/wp\/v2\/users\/2"}],"replies":[{"embeddable":true,"href":"https:\/\/casadedois.com.br\/blog\/wp-json\/wp\/v2\/comments?post=3058"}],"version-history":[{"count":2,"href":"https:\/\/casadedois.com.br\/blog\/wp-json\/wp\/v2\/posts\/3058\/revisions"}],"predecessor-version":[{"id":7292,"href":"https:\/\/casadedois.com.br\/blog\/wp-json\/wp\/v2\/posts\/3058\/revisions\/7292"}],"wp:featuredmedia":[{"embeddable":true,"href":"https:\/\/casadedois.com.br\/blog\/wp-json\/wp\/v2\/media\/3059"}],"wp:attachment":[{"href":"https:\/\/casadedois.com.br\/blog\/wp-json\/wp\/v2\/media?parent=3058"}],"wp:term":[{"taxonomy":"category","embeddable":true,"href":"https:\/\/casadedois.com.br\/blog\/wp-json\/wp\/v2\/categories?post=3058"},{"taxonomy":"post_tag","embeddable":true,"href":"https:\/\/casadedois.com.br\/blog\/wp-json\/wp\/v2\/tags?post=3058"}],"curies":[{"name":"wp","href":"https:\/\/api.w.org\/{rel}","templated":true}]}}