{"id":3888,"date":"2015-02-01T01:32:38","date_gmt":"2015-02-01T01:32:38","guid":{"rendered":"http:\/\/www.casadedois.com.br\/?p=3888"},"modified":"2019-07-26T17:12:04","modified_gmt":"2019-07-26T20:12:04","slug":"convite-de-casamento-criativo","status":"publish","type":"post","link":"https:\/\/casadedois.com.br\/blog\/convite-de-casamento-criativo\/","title":{"rendered":"Convite de casamento criativo"},"content":{"rendered":"<p style=\"text-align: justify;\"><span style=\"font-size: 14px;\">Eu falo tanto sobre organizar casamentos com a cara dos noivos, n\u00e3o pensar nas tend\u00eancias e seguir\u00a0nossos desejos e vontades na hora de escolher cada detalhe da cerim\u00f4nia e da festa, e o\u00a0convite faz parte disso! Hoje,\u00a0para falar sobre o assunto, chamei a <a href=\"http:\/\/silviastrass.com\" target=\"_blank\" rel=\"noopener noreferrer\">Silvia Strass<\/a>, minha super parceira que cria toda a papelaria do casamento inspirada na hist\u00f3ria e perfil dos noivos de forma criativa que faz os noivos e os convidados sorrirem ao receber o convite.<\/span><\/p>\n<p style=\"text-align: justify;\"><span style=\"font-size: 14px;\">Tenho certeza que v\u00e3o gostar das dicas. Obrigada, Silvia! =)<\/span><\/p>\n<p style=\"text-align: justify;\"><i><span style=\"font-size: 14px; text-align: justify; line-height: 1.6em;\">&#8220;Escolher uma pessoa pra compartilhar uma vida. Pra mim, essa \u00e9 a melhor defini\u00e7\u00e3o de casamento. \u00c9 uma celebra\u00e7\u00e3o \u00fanica, especial, emocionante e d\u00e1 frio na barriga desde o primeiro sim pra essa escolha.<\/span> <\/i><\/p>\n<p style=\"text-align: justify;\"><i><span style=\"font-size: 14px;\">Penso que quem quando a gente casa, a gente tem que usar as pr\u00f3prias palavras pra falar de tanto amor que a gente sente. Com o cora\u00e7\u00e3o cheio e at\u00e9 transbordando, transmitir isso de forma sincera pros amigos e fam\u00edlia inspira e \u00e9 muito bonito.\u00a0<\/span><\/i><i style=\"line-height: 1.6em;\"><span style=\"font-size: 14px;\"><span style=\"line-height: 1.6em;\">\u00c9 por isso que eu acho que em todos os detalhes tem que ter amor e tem que ter a cara dos noivos.<\/span><\/span><\/i><\/p>\n<p style=\"text-align: justify;\"><i><span style=\"font-size: 14px;\"><span style=\"line-height: 1.6em;\">Mais do que um simples papel, a identidade visual de um casamento transmite al\u00e9m da mensagem de como ser\u00e1 a festa, reflete principalmente a personalidade dos noivos.<\/span><\/span> <\/i><\/p>\n<p style=\"text-align: justify;\"><i><span style=\"font-size: 14px;\"><span style=\"line-height: 1.6em;\">Depois de muito tempo de casamentos tradicionais, hoje em dia \u00e9 poss\u00edvel soltar a criatividade e fazer o que voc\u00ea tem vontade. D\u00e1 pra ser r\u00fastico, mais casual, ecol\u00f3gico, moderno ou tamb\u00e9m certinho.<\/span><\/span> <\/i><\/p>\n<p style=\"text-align: justify;\"><i><span style=\"font-size: 14px;\"><span style=\"line-height: 1.6em;\">O convite ou o save the date \u00e9 a apresenta\u00e7\u00e3o que seu querido convidado vai ter sobre a festa. O texto deve estar escrito de forma clara, mas n\u00e3o s\u00e3o s\u00f3 as palavras que v\u00e3o explicar. O envelope, o tipo de papel, as cores, as fontes ou caligrafia escolhidas v\u00e3o dizer muito tamb\u00e9m!<\/span><\/span> <\/i><\/p>\n<p style=\"text-align: justify;\"><i><span style=\"font-size: 14px;\"><span style=\"line-height: 1.6em;\">\u00c9 por isso que eu gosto e acho muito importante ouvir o casal, a hist\u00f3ria deles, o que sentiram quando se viram, cada detalhe, cada olhar, cada brincadeira interna. Meu trabalho \u00e9 transmitir as personalidades, emo\u00e7\u00f5es e sentimentos. \u00c9 uma del\u00edcia, e \u00e9 nessa hora que eu consigo entender e conhecer de verdade o casal pra criar algo realmente com a cara deles.<\/span><\/span> <\/i><\/p>\n<p style=\"text-align: justify;\"><i><span style=\"font-size: 14px;\"><span style=\"line-height: 1.6em;\">Vou dar alguns exemplos:<\/span><\/span> <\/i><\/p>\n<p style=\"text-align: justify;\"><i><span style=\"font-size: 14px;\"><span style=\"line-height: 1.6em;\">Esse casal \u00e9 super criativo. Quiseram usar tipografias diferentes pra compor um convite alegre e divertido, entregue em formato de rolinho.<\/span><\/span> <\/i><\/p>\n<p style=\"margin-left: -7.1pt; text-align: justify;\"><i>\u00a0 <\/i><i><img loading=\"lazy\" decoding=\"async\" class=\"aligncenter size-full wp-image-3891\" src=\"http:\/\/casadedois.com.br\/blog\/wp-content\/uploads\/2015\/02\/IMG_20140327_110358.jpg\" alt=\"\" width=\"478\" height=\"573\" srcset=\"https:\/\/casadedois.com.br\/blog\/wp-content\/uploads\/2015\/02\/IMG_20140327_110358.jpg 478w, https:\/\/casadedois.com.br\/blog\/wp-content\/uploads\/2015\/02\/IMG_20140327_110358-250x300.jpg 250w, https:\/\/casadedois.com.br\/blog\/wp-content\/uploads\/2015\/02\/IMG_20140327_110358-100x120.jpg 100w, https:\/\/casadedois.com.br\/blog\/wp-content\/uploads\/2015\/02\/IMG_20140327_110358-600x719.jpg 600w\" sizes=\"auto, (max-width: 478px) 100vw, 478px\" \/> <\/i><\/p>\n<p style=\"margin-left: -7.1pt; text-align: justify;\"><i>\u00a0 <\/i><\/p>\n<p style=\"text-align: justify;\"><i><span style=\"font-size: 14px;\">Esse outro, mais rom\u00e2ntico, escolheram um caminho vintage e entregaram o convite em um tubinho, como antigamente. Eles se conheceram no carnaval, e dentro, colocamos plumas e confetes.<\/span> <\/i><\/p>\n<p style=\"margin-left: -7.1pt; text-align: justify;\"><i>\u00a0 <\/i><\/p>\n<p style=\"margin-left: -7.1pt; text-align: justify;\"><i><img loading=\"lazy\" decoding=\"async\" class=\"size-full wp-image-3892 aligncenter\" src=\"http:\/\/casadedois.com.br\/blog\/wp-content\/uploads\/2015\/02\/Li-600px.jpg\" alt=\"\" width=\"600\" height=\"402\" srcset=\"https:\/\/casadedois.com.br\/blog\/wp-content\/uploads\/2015\/02\/Li-600px.jpg 600w, https:\/\/casadedois.com.br\/blog\/wp-content\/uploads\/2015\/02\/Li-600px-300x201.jpg 300w\" sizes=\"auto, (max-width: 600px) 100vw, 600px\" \/> <\/i><\/p>\n<p style=\"margin-left: -7.1pt; text-align: justify;\"><i>\u00a0 <\/i><\/p>\n<p style=\"text-align: justify;\"><i><span style=\"font-size: 14px;\">A festa desse casamento foi na praia, e eles tinham uma hist\u00f3ria muito bonita com uma \u00e1rvore desse lugar. Assim, al\u00e9m do s\u00edmbolo deles ser a \u00e1rvore, o convite era feito de papel semente. O convidado\u00a0recebe o convite, picota, planta e logo vem uma sementinha de amor!<\/span> <\/i><\/p>\n<p style=\"margin-left: -7.1pt; text-align: justify;\"><i>\u00a0 <\/i><\/p>\n<p style=\"margin-left: -7.1pt; text-align: justify;\"><i><img loading=\"lazy\" decoding=\"async\" class=\"aligncenter size-full wp-image-3897\" src=\"http:\/\/casadedois.com.br\/blog\/wp-content\/uploads\/2015\/02\/convite-linha.png\" alt=\"\" width=\"414\" height=\"310\" srcset=\"https:\/\/casadedois.com.br\/blog\/wp-content\/uploads\/2015\/02\/convite-linha.png 414w, https:\/\/casadedois.com.br\/blog\/wp-content\/uploads\/2015\/02\/convite-linha-300x225.png 300w\" sizes=\"auto, (max-width: 414px) 100vw, 414px\" \/> <\/i><\/p>\n<p style=\"margin-left: -7.1pt; text-align: justify;\"><i>\u00a0 <\/i><\/p>\n<p style=\"text-align: justify;\"><i><span style=\"font-size: 14px;\">Eles s\u00e3o r\u00fasticos sem perder a eleg\u00e2ncia. Desenvolvemos um envelope super especial feito de renda guipuire. O resultado do contraste encheu os olhos dos convidados.<\/span> <\/i><\/p>\n<p style=\"margin-left: -7.1pt; text-align: justify;\"><i>\u00a0 <\/i><\/p>\n<p style=\"margin-left: -7.1pt; text-align: justify;\"><i><img loading=\"lazy\" decoding=\"async\" class=\"size-full wp-image-3894 aligncenter\" src=\"http:\/\/casadedois.com.br\/blog\/wp-content\/uploads\/2015\/02\/Rei-600px.jpg\" alt=\"\" width=\"600\" height=\"602\" srcset=\"https:\/\/casadedois.com.br\/blog\/wp-content\/uploads\/2015\/02\/Rei-600px.jpg 600w, https:\/\/casadedois.com.br\/blog\/wp-content\/uploads\/2015\/02\/Rei-600px-150x150.jpg 150w, https:\/\/casadedois.com.br\/blog\/wp-content\/uploads\/2015\/02\/Rei-600px-300x300.jpg 300w, https:\/\/casadedois.com.br\/blog\/wp-content\/uploads\/2015\/02\/Rei-600px-100x100.jpg 100w\" sizes=\"auto, (max-width: 600px) 100vw, 600px\" \/> <img loading=\"lazy\" decoding=\"async\" class=\"size-full wp-image-3890 aligncenter\" src=\"http:\/\/casadedois.com.br\/blog\/wp-content\/uploads\/2015\/02\/Captura-de-Tela-2015-01-29-\u00e0s-16.41.18.png\" alt=\"\" width=\"599\" height=\"600\" srcset=\"https:\/\/casadedois.com.br\/blog\/wp-content\/uploads\/2015\/02\/Captura-de-Tela-2015-01-29-\u00e0s-16.41.18.png 599w, https:\/\/casadedois.com.br\/blog\/wp-content\/uploads\/2015\/02\/Captura-de-Tela-2015-01-29-\u00e0s-16.41.18-150x150.png 150w, https:\/\/casadedois.com.br\/blog\/wp-content\/uploads\/2015\/02\/Captura-de-Tela-2015-01-29-\u00e0s-16.41.18-300x300.png 300w, https:\/\/casadedois.com.br\/blog\/wp-content\/uploads\/2015\/02\/Captura-de-Tela-2015-01-29-\u00e0s-16.41.18-100x100.png 100w\" sizes=\"auto, (max-width: 599px) 100vw, 599px\" \/> <\/i><\/p>\n<p style=\"margin-left: -7.1pt; text-align: justify;\"><i>\u00a0 <\/i><\/p>\n<p style=\"text-align: justify;\"><i><span style=\"font-size: 14px;\">Um casal bem fofo, mas moderno, escolheu o caminho vintage pra ilustrar a festa. A m\u00fasica deles, um jazz, foi escrita no convite pra falar ainda mais de amor.<\/span> <\/i><\/p>\n<p style=\"margin-left: -7.1pt; text-align: justify;\"><i>\u00a0 <\/i><\/p>\n<p style=\"margin-left: -7.1pt; text-align: justify;\"><i><img loading=\"lazy\" decoding=\"async\" class=\"size-full wp-image-3893 aligncenter\" src=\"http:\/\/casadedois.com.br\/blog\/wp-content\/uploads\/2015\/02\/Ra-600px.jpg\" alt=\"\" width=\"600\" height=\"705\" srcset=\"https:\/\/casadedois.com.br\/blog\/wp-content\/uploads\/2015\/02\/Ra-600px.jpg 600w, https:\/\/casadedois.com.br\/blog\/wp-content\/uploads\/2015\/02\/Ra-600px-255x300.jpg 255w\" sizes=\"auto, (max-width: 600px) 100vw, 600px\" \/> <\/i><\/p>\n<p style=\"margin-left: -7.1pt; text-align: justify;\"><i>\u00a0 <\/i><\/p>\n<p style=\"text-align: justify;\"><i><span style=\"font-size: 14px;\">Pra fechar, tamb\u00e9m vou falar no meu convite de casamento. Nossa festa foi em bloco de carnaval (fora de \u00e9poca), pelas ruas de S\u00e3o Paulo. Assim, imprimimos nosso convite em um bal\u00e3o em que convidado tinha que \u201cencher de amor\u201d pra ler. Tamb\u00e9m colocamos confete dentro pra alegrar a vida da pessoa quando abrisse. Pra dar mais eleg\u00e2ncia, fechamos o envelope com lacre de cera personalizado.<\/span> <\/i><\/p>\n<p style=\"margin-left: -7.1pt; text-align: justify;\"><i>\u00a0 <\/i><i><img loading=\"lazy\" decoding=\"async\" class=\"size-full wp-image-3896 aligncenter\" src=\"http:\/\/casadedois.com.br\/blog\/wp-content\/uploads\/2015\/02\/SP2-600px.jpg\" alt=\"\" width=\"600\" height=\"913\" srcset=\"https:\/\/casadedois.com.br\/blog\/wp-content\/uploads\/2015\/02\/SP2-600px.jpg 600w, https:\/\/casadedois.com.br\/blog\/wp-content\/uploads\/2015\/02\/SP2-600px-197x300.jpg 197w\" sizes=\"auto, (max-width: 600px) 100vw, 600px\" \/> <img loading=\"lazy\" decoding=\"async\" class=\"size-full wp-image-3895 aligncenter\" src=\"http:\/\/casadedois.com.br\/blog\/wp-content\/uploads\/2015\/02\/SP-600px.jpg\" alt=\"\" width=\"600\" height=\"450\" srcset=\"https:\/\/casadedois.com.br\/blog\/wp-content\/uploads\/2015\/02\/SP-600px.jpg 600w, https:\/\/casadedois.com.br\/blog\/wp-content\/uploads\/2015\/02\/SP-600px-300x225.jpg 300w\" sizes=\"auto, (max-width: 600px) 100vw, 600px\" \/> <\/i><\/p>\n<p style=\"text-align: justify;\"><i>\u00a0 <\/i><\/p>\n<p style=\"text-align: justify;\"><i><span style=\"font-size: 14px;\">Enfim, s\u00e3o muitas possibilidades. D\u00e1 pra ir longe soltando a criatividade com eleg\u00e2ncia, e at\u00e9 sem perder a formalidade, se o casal quiser.<\/span> <\/i><\/p>\n<p style=\"text-align: justify;\"><i>\u00a0 <\/i><\/p>\n<p style=\"text-align: justify;\"><i><span style=\"font-size: 14px;\">Casamento \u00e9 falar de amor com todas as letras, pap\u00e9is e cores. &#8220;<\/span><\/i><\/p>\n<p style=\"text-align: justify;\"><span style=\"font-size: 14px;\">Depois dessas dicas e exemplos da para se inspirar bastante! Se quiser entrar em contato com a Silvia e criar a identidade do seu casamento <a href=\"http:\/\/silviastrass.com\/contato\/\" target=\"_blank\" rel=\"noopener noreferrer\">clique aqui<\/a>.<\/span><\/p>\n<p style=\"text-align: justify;\"><span style=\"font-size: 14px;\">Curtiu?! Ent\u00e3o me ajude a compartilhar =)<\/span><\/p>\n<p style=\"text-align: justify;\"><span style=\"font-size: 14px;\">Beijos,<\/span><\/p>\n<p style=\"text-align: justify;\">\n","protected":false},"excerpt":{"rendered":"<p>Eu falo tanto sobre organizar casamentos com a cara dos noivos, n\u00e3o pensar nas tend\u00eancias e seguir\u00a0nossos desejos e vontades na hora de escolher cada detalhe da cerim\u00f4nia e da festa, e o\u00a0convite faz parte disso! Hoje,\u00a0para falar sobre o&#8230;<\/p>\n","protected":false},"author":2,"featured_media":3891,"comment_status":"open","ping_status":"open","sticky":false,"template":"","format":"standard","meta":{"footnotes":""},"categories":[71],"tags":[171,172,96,173],"class_list":["post-3888","post","type-post","status-publish","format-standard","has-post-thumbnail","hentry","category-etc-e-tal","tag-convite","tag-convite-criativo","tag-convite-de-casamento","tag-convite-original"],"jetpack_featured_media_url":"https:\/\/casadedois.com.br\/blog\/wp-content\/uploads\/2015\/02\/IMG_20140327_110358.jpg","_links":{"self":[{"href":"https:\/\/casadedois.com.br\/blog\/wp-json\/wp\/v2\/posts\/3888","targetHints":{"allow":["GET"]}}],"collection":[{"href":"https:\/\/casadedois.com.br\/blog\/wp-json\/wp\/v2\/posts"}],"about":[{"href":"https:\/\/casadedois.com.br\/blog\/wp-json\/wp\/v2\/types\/post"}],"author":[{"embeddable":true,"href":"https:\/\/casadedois.com.br\/blog\/wp-json\/wp\/v2\/users\/2"}],"replies":[{"embeddable":true,"href":"https:\/\/casadedois.com.br\/blog\/wp-json\/wp\/v2\/comments?post=3888"}],"version-history":[{"count":3,"href":"https:\/\/casadedois.com.br\/blog\/wp-json\/wp\/v2\/posts\/3888\/revisions"}],"predecessor-version":[{"id":7244,"href":"https:\/\/casadedois.com.br\/blog\/wp-json\/wp\/v2\/posts\/3888\/revisions\/7244"}],"wp:featuredmedia":[{"embeddable":true,"href":"https:\/\/casadedois.com.br\/blog\/wp-json\/wp\/v2\/media\/3891"}],"wp:attachment":[{"href":"https:\/\/casadedois.com.br\/blog\/wp-json\/wp\/v2\/media?parent=3888"}],"wp:term":[{"taxonomy":"category","embeddable":true,"href":"https:\/\/casadedois.com.br\/blog\/wp-json\/wp\/v2\/categories?post=3888"},{"taxonomy":"post_tag","embeddable":true,"href":"https:\/\/casadedois.com.br\/blog\/wp-json\/wp\/v2\/tags?post=3888"}],"curies":[{"name":"wp","href":"https:\/\/api.w.org\/{rel}","templated":true}]}}