{"id":4150,"date":"2015-09-24T17:30:56","date_gmt":"2015-09-24T17:30:56","guid":{"rendered":"http:\/\/www.casadedois.com.br\/?p=4150"},"modified":"2019-07-17T17:09:30","modified_gmt":"2019-07-17T20:09:30","slug":"protetor-de-salto","status":"publish","type":"post","link":"https:\/\/casadedois.com.br\/blog\/protetor-de-salto\/","title":{"rendered":"Protetor de salto"},"content":{"rendered":"<p style=\"text-align: justify;\"><span style=\"font-size: 14px;\"><span style=\"line-height: 1.6em;\">A ideia do protetor de salto veio quando me casei, pois\u00a0nossa cerim\u00f4nia foi na grama.<\/span><\/span><\/p>\n<p style=\"text-align: justify;\"><span style=\"font-size: 14px;\">Por ser\u00a0assessora e fazer muitos casamentos ao ar livre\u00a0sei que mesmo a noiva alertando\u00a0sobre o local\u00a0e o que usar,\u00a0a\u00a0mulher\u00a0pensa\u00a0mais no visual completo. Quer\u00a0vestir um sapato que j\u00e1 tem ou que pensou\u00a0para compor o look\u00a0e\u00a0acaba\u00a0indo de salto alto, mesmo sabendo que n\u00e3o ser\u00e1 confort\u00e1vel.\u00a0<\/span><\/p>\n<p style=\"text-align: justify;\"><span style=\"font-size: 14px; text-align: justify;\">Acredito, que se estamos organizando uma festa para as pessoas que amamos comemorarem com a gente, temos que pensar nelas e no conforto delas, e foi isso que fiz.<\/span><\/p>\n<p style=\"text-align: justify;\"><span style=\"font-size: 14px; line-height: 1.6em;\">Na hora de comprar s\u00f3 achei um fornecedor aqui no Brasil e era car\u00edssimo. Por isso a solu\u00e7\u00e3o foi comprar na China. Por\u00e9m,\u00a0foi um sacrif\u00edcio trazer os\u00a0protetores\u00a0e quase fiquei\u00a0sem eles, porque n\u00e3o chegavam nunca. Fora a ansiedade, n\u00e9? rs<\/span><\/p>\n<p style=\"text-align: justify;\"><span style=\"font-size: 14px;\">Minhas convidadas amaram a novidade e falam disso at\u00e9 hoje. Foi um sucesso absoluto no casamento, al\u00e9m de muito \u00fatil!<\/span><\/p>\n<p style=\"text-align: justify;\"><span style=\"font-size: 14px;\">Por causa desse &#8220;perrengue&#8221; que passei e pela rea\u00e7\u00e3o das minhas convidadas\u00a0tive a ideia de fabricar esse material aqui no Brasil para poder vender com seguran\u00e7a e com\u00a0pre\u00e7o acess\u00edvel para todo mundo. <\/span><\/p>\n<p style=\"text-align: justify;\"><span style=\"font-size: 14px;\">A parte da cria\u00e7\u00e3o ficou\u00a0com meu amigo engenheiro, que elaborou e\u00a0pensou em todos os detalhes para dar certo e n\u00e3o termos qualquer problema.<\/span><\/p>\n<p style=\"text-align: justify;\"><span style=\"font-size: 14px;\"><span style=\"line-height: 1.6em;\">O protetor \u00e9 transparante e tem um tamanho padr\u00e3o que se encaixa em diferentes grossuras de salto. Al\u00e9m disso, temos o protetor P, para salto\u00a0<\/span><span style=\"line-height: 1.6em;\">extra fino ou o G, para salto mais grosso.<\/span><\/span><\/p>\n<p style=\"text-align: justify;\"><span style=\"font-size: 14px;\">J\u00e1 vendi para noivas do Brasil todo e se voc\u00ea \u00e9 uma delas deixa um depoimento\u00a0pra gente e manda as fotos de como ficaram expostos no seu casamento &#8211; vamos amar compartilhar por aqui.<\/span><\/p>\n<p style=\"text-align: justify;\"><span style=\"font-size: 14px; line-height: 1.6em;\">Esse \u00e9 o protetor e voc\u00ea pode colocar bem na entrada dos convidados:<\/span><\/p>\n<p style=\"text-align: justify;\"><img loading=\"lazy\" decoding=\"async\" class=\"size-full wp-image-4151 aligncenter\" src=\"http:\/\/casadedois.com.br\/blog\/wp-content\/uploads\/2015\/09\/Protetor-de-salto1.jpg\" alt=\"\" width=\"600\" height=\"400\" srcset=\"https:\/\/casadedois.com.br\/blog\/wp-content\/uploads\/2015\/09\/Protetor-de-salto1.jpg 600w, https:\/\/casadedois.com.br\/blog\/wp-content\/uploads\/2015\/09\/Protetor-de-salto1-300x200.jpg 300w, https:\/\/casadedois.com.br\/blog\/wp-content\/uploads\/2015\/09\/Protetor-de-salto1-260x174.jpg 260w, https:\/\/casadedois.com.br\/blog\/wp-content\/uploads\/2015\/09\/Protetor-de-salto1-100x67.jpg 100w, https:\/\/casadedois.com.br\/blog\/wp-content\/uploads\/2015\/09\/Protetor-de-salto1-840x560.jpg 840w\" sizes=\"auto, (max-width: 600px) 100vw, 600px\" \/> <img loading=\"lazy\" decoding=\"async\" class=\"size-full wp-image-4152 aligncenter\" src=\"http:\/\/casadedois.com.br\/blog\/wp-content\/uploads\/2015\/09\/protetor-de-salto2_v2.jpg\" alt=\"\" width=\"600\" height=\"400\" srcset=\"https:\/\/casadedois.com.br\/blog\/wp-content\/uploads\/2015\/09\/protetor-de-salto2_v2.jpg 600w, https:\/\/casadedois.com.br\/blog\/wp-content\/uploads\/2015\/09\/protetor-de-salto2_v2-300x200.jpg 300w\" sizes=\"auto, (max-width: 600px) 100vw, 600px\" \/><\/p>\n<p style=\"text-align: justify;\"><span style=\"font-size: 14px;\">Beijos e aguardo os pedidos atrav\u00e9s do e-mail: contato@casadedois.com.br\u00a0=)<\/span><\/p>\n<p style=\"text-align: justify;\">\n","protected":false},"excerpt":{"rendered":"<p>A ideia do protetor de salto veio quando me casei, pois\u00a0nossa cerim\u00f4nia foi na grama. Por ser\u00a0assessora e fazer muitos casamentos ao ar livre\u00a0sei que mesmo a noiva alertando\u00a0sobre o local\u00a0e o que usar,\u00a0a\u00a0mulher\u00a0pensa\u00a0mais no visual completo. Quer\u00a0vestir um sapato&#8230;<\/p>\n","protected":false},"author":2,"featured_media":4151,"comment_status":"open","ping_status":"open","sticky":false,"template":"","format":"standard","meta":{"footnotes":""},"categories":[71,5],"tags":[188,189],"class_list":["post-4150","post","type-post","status-publish","format-standard","has-post-thumbnail","hentry","category-etc-e-tal","category-o-que-fizemos","tag-protetor-de-salto","tag-salva-salto"],"jetpack_featured_media_url":"https:\/\/casadedois.com.br\/blog\/wp-content\/uploads\/2015\/09\/Protetor-de-salto1.jpg","_links":{"self":[{"href":"https:\/\/casadedois.com.br\/blog\/wp-json\/wp\/v2\/posts\/4150","targetHints":{"allow":["GET"]}}],"collection":[{"href":"https:\/\/casadedois.com.br\/blog\/wp-json\/wp\/v2\/posts"}],"about":[{"href":"https:\/\/casadedois.com.br\/blog\/wp-json\/wp\/v2\/types\/post"}],"author":[{"embeddable":true,"href":"https:\/\/casadedois.com.br\/blog\/wp-json\/wp\/v2\/users\/2"}],"replies":[{"embeddable":true,"href":"https:\/\/casadedois.com.br\/blog\/wp-json\/wp\/v2\/comments?post=4150"}],"version-history":[{"count":3,"href":"https:\/\/casadedois.com.br\/blog\/wp-json\/wp\/v2\/posts\/4150\/revisions"}],"predecessor-version":[{"id":7200,"href":"https:\/\/casadedois.com.br\/blog\/wp-json\/wp\/v2\/posts\/4150\/revisions\/7200"}],"wp:featuredmedia":[{"embeddable":true,"href":"https:\/\/casadedois.com.br\/blog\/wp-json\/wp\/v2\/media\/4151"}],"wp:attachment":[{"href":"https:\/\/casadedois.com.br\/blog\/wp-json\/wp\/v2\/media?parent=4150"}],"wp:term":[{"taxonomy":"category","embeddable":true,"href":"https:\/\/casadedois.com.br\/blog\/wp-json\/wp\/v2\/categories?post=4150"},{"taxonomy":"post_tag","embeddable":true,"href":"https:\/\/casadedois.com.br\/blog\/wp-json\/wp\/v2\/tags?post=4150"}],"curies":[{"name":"wp","href":"https:\/\/api.w.org\/{rel}","templated":true}]}}