{"id":7888,"date":"2020-01-22T12:00:00","date_gmt":"2020-01-22T15:00:00","guid":{"rendered":"http:\/\/casadedois.com.br\/blog\/?p=7888"},"modified":"2021-05-08T22:36:41","modified_gmt":"2021-05-09T01:36:41","slug":"e-book-casamento-no-campo","status":"publish","type":"post","link":"https:\/\/casadedois.com.br\/blog\/e-book-casamento-no-campo\/","title":{"rendered":"E-BOOK CASAMENTO NO CAMPO"},"content":{"rendered":"\n<p>Hoje em dia est\u00e1 cada vez mais comum ver casais fugindo dos casamentos cl\u00e1ssicos das grandes cidades e optando por se casar no campo. Mas n\u00e3o \u00e9 por menos, o contato com a natureza, o cen\u00e1rio, a luz e a energia do lugar s\u00e3o pontos cruciais para essa escolha. <\/p>\n\n\n\n<div class=\"wp-block-image\"><figure class=\"aligncenter size-large\"><img loading=\"lazy\" decoding=\"async\" width=\"1024\" height=\"683\" src=\"http:\/\/casadedois.com.br\/blog\/wp-content\/uploads\/2020\/01\/LucianaRafael-MARCELINOS-1415-1024x683.jpg\" alt=\"\" class=\"wp-image-7892\" srcset=\"https:\/\/casadedois.com.br\/blog\/wp-content\/uploads\/2020\/01\/LucianaRafael-MARCELINOS-1415-1024x683.jpg 1024w, https:\/\/casadedois.com.br\/blog\/wp-content\/uploads\/2020\/01\/LucianaRafael-MARCELINOS-1415-300x200.jpg 300w, https:\/\/casadedois.com.br\/blog\/wp-content\/uploads\/2020\/01\/LucianaRafael-MARCELINOS-1415-768x512.jpg 768w, https:\/\/casadedois.com.br\/blog\/wp-content\/uploads\/2020\/01\/LucianaRafael-MARCELINOS-1415-840x560.jpg 840w, https:\/\/casadedois.com.br\/blog\/wp-content\/uploads\/2020\/01\/LucianaRafael-MARCELINOS-1415-260x174.jpg 260w, https:\/\/casadedois.com.br\/blog\/wp-content\/uploads\/2020\/01\/LucianaRafael-MARCELINOS-1415-370x246.jpg 370w, https:\/\/casadedois.com.br\/blog\/wp-content\/uploads\/2020\/01\/LucianaRafael-MARCELINOS-1415-283x188.jpg 283w, https:\/\/casadedois.com.br\/blog\/wp-content\/uploads\/2020\/01\/LucianaRafael-MARCELINOS-1415-100x67.jpg 100w, https:\/\/casadedois.com.br\/blog\/wp-content\/uploads\/2020\/01\/LucianaRafael-MARCELINOS-1415-600x400.jpg 600w\" sizes=\"auto, (max-width: 1024px) 100vw, 1024px\" \/><figcaption>Foto: <a href=\"https:\/\/www.instagram.com\/marcelinosfotografia\/\">@marcelinosfotografia<\/a> <\/figcaption><\/figure><\/div>\n\n\n\n<p>Por conta disso, criamos esse E-book com todas as informa\u00e7\u00f5es importantes para se fazer um casamento no campo inesquec\u00edvel e cheio de personalidade. Para dar in\u00edcio, \u00e9 importante saber que <a href=\"https:\/\/materiais.casadedois.com.br\/_-7-passos\">organizar um casamento<\/a> no campo \u00e9 bem diferente de organizar um casamento na cidade, antes de escolher o lugar \u00e9 importante verificar a estrutura, log\u00edstica, espa\u00e7o para plano B, fornecedores que tenham experi\u00eancia com casamentos no campo, entre outros pontos que abordamos nesse e-book.<\/p>\n\n\n\n<h4 class=\"wp-block-heading\">ESCOLHA DO LOCAL<\/h4>\n\n\n\n<p>A primeira coisa \u00e9 escolher onde o seu casamento vai acontecer, n\u00e9? Antes de fechar o lugar do seu casamento, fa\u00e7a uma visita presencial em todos aqueles que te interessaram. Acreditamos que a energia do ambiente conta muito no momento da escolha, por isso preste aten\u00e7\u00e3o na sensa\u00e7\u00e3o que sentiu ao visitar o local, pois ser\u00e1 l\u00e1 que voc\u00ea ir\u00e1 comemorar um dos dias mais importantes da sua vida.<\/p>\n\n\n\n<div class=\"wp-block-image\"><figure class=\"aligncenter size-large\"><img loading=\"lazy\" decoding=\"async\" width=\"1024\" height=\"683\" src=\"http:\/\/casadedois.com.br\/blog\/wp-content\/uploads\/2020\/01\/nayararafael__001-scaled-1024x683.jpg\" alt=\"\" class=\"wp-image-7889\" srcset=\"https:\/\/casadedois.com.br\/blog\/wp-content\/uploads\/2020\/01\/nayararafael__001-scaled-1024x683.jpg 1024w, https:\/\/casadedois.com.br\/blog\/wp-content\/uploads\/2020\/01\/nayararafael__001-scaled-300x200.jpg 300w, https:\/\/casadedois.com.br\/blog\/wp-content\/uploads\/2020\/01\/nayararafael__001-768x512.jpg 768w, https:\/\/casadedois.com.br\/blog\/wp-content\/uploads\/2020\/01\/nayararafael__001-840x560.jpg 840w, https:\/\/casadedois.com.br\/blog\/wp-content\/uploads\/2020\/01\/nayararafael__001-260x174.jpg 260w, https:\/\/casadedois.com.br\/blog\/wp-content\/uploads\/2020\/01\/nayararafael__001-scaled-370x246.jpg 370w, https:\/\/casadedois.com.br\/blog\/wp-content\/uploads\/2020\/01\/nayararafael__001-scaled-283x188.jpg 283w, https:\/\/casadedois.com.br\/blog\/wp-content\/uploads\/2020\/01\/nayararafael__001-scaled-100x67.jpg 100w\" sizes=\"auto, (max-width: 1024px) 100vw, 1024px\" \/><figcaption> Foto:&nbsp;<a href=\"https:\/\/www.instagram.com\/danilosiqueira.lets\/\">@danilosiqueira.lets<\/a> <\/figcaption><\/figure><\/div>\n\n\n\n<h4 class=\"wp-block-heading\">LOG\u00cdSTICA<\/h4>\n\n\n\n<p>A log\u00edstica de um casamento no campo \u00e9 bem diferente quando comparada a de um casamento na cidade. Os imprevistos n\u00e3o s\u00e3o t\u00e3o facilmente resolvidos por conta da dist\u00e2ncia, por isso a import\u00e2ncia de escolher fornecedores que j\u00e1 tenham familiaridade com esse tipo de evento. A come\u00e7ar pelo cronograma, que tudo deve ser pensando. Entregas com anteced\u00eancia, pr\u00e9-montagem: para iniciar no dia anterior, j\u00e1 que o casamento costuma come\u00e7ar cedo e dependendo da estrutura n\u00e3o d\u00e1 tempo de deixar tudo pronto em apenas algumas horas; pr\u00e9-light: que \u00e9 o teste de luz c\u00eanica no dia anterior do evento, assim conseguem ver exatamente onde est\u00e1 cada foco de luz, ter contato de fornecedores locais para qualquer imprevisto, ter motorista a disposi\u00e7\u00e3o durante a madrugada caso seja necess\u00e1rio sair por algum motivo s\u00e3o detalhes que podem ser levados em considera\u00e7\u00e3o. <\/p>\n\n\n\n<div class=\"wp-block-image\"><figure class=\"aligncenter size-large\"><img loading=\"lazy\" decoding=\"async\" width=\"1024\" height=\"684\" src=\"http:\/\/casadedois.com.br\/blog\/wp-content\/uploads\/2020\/01\/silvana-e-fernando-scaled-1024x684.jpg\" alt=\"\" class=\"wp-image-7890\" srcset=\"https:\/\/casadedois.com.br\/blog\/wp-content\/uploads\/2020\/01\/silvana-e-fernando-scaled-1024x684.jpg 1024w, https:\/\/casadedois.com.br\/blog\/wp-content\/uploads\/2020\/01\/silvana-e-fernando-scaled-300x200.jpg 300w, https:\/\/casadedois.com.br\/blog\/wp-content\/uploads\/2020\/01\/silvana-e-fernando-768x513.jpg 768w, https:\/\/casadedois.com.br\/blog\/wp-content\/uploads\/2020\/01\/silvana-e-fernando-840x560.jpg 840w, https:\/\/casadedois.com.br\/blog\/wp-content\/uploads\/2020\/01\/silvana-e-fernando-260x174.jpg 260w, https:\/\/casadedois.com.br\/blog\/wp-content\/uploads\/2020\/01\/silvana-e-fernando-scaled-370x247.jpg 370w, https:\/\/casadedois.com.br\/blog\/wp-content\/uploads\/2020\/01\/silvana-e-fernando-scaled-283x188.jpg 283w\" sizes=\"auto, (max-width: 1024px) 100vw, 1024px\" \/><figcaption> Foto:&nbsp;<a href=\"https:\/\/www.instagram.com\/renataeyurifotografia\/\">@renataeyurifotografia<\/a> <\/figcaption><\/figure><\/div>\n\n\n\n<h4 class=\"wp-block-heading\">HOR\u00c1RIO<\/h4>\n\n\n\n<p>A maioria dos casais quando escolhem o campo como cen\u00e1rio do casamento, preferem se casar de dia, ou pelo menos que a cerim\u00f4nia seja realizada a luz do sol, pois assim a natureza fica em destaque fazendo parte da decora\u00e7\u00e3o e deixando as fotos maravilhosas. Os noivos sempre chegam at\u00e9 n\u00f3s com a ideia de fazer a cerim\u00f4nia exatamente no hor\u00e1rio do p\u00f4r do sol, mas gostamos de refor\u00e7ar que se for assim, a cerim\u00f4nia terminar\u00e1 no escuro. Al\u00e9m de voc\u00ea precisar investir mais em ilumina\u00e7\u00e3o c\u00eanica, as fotos protocolares e o ensaio dos noivos ficar\u00e3o no escuro. Ent\u00e3o, quando n\u00e3o \u00e9 hor\u00e1rio de ver\u00e3o indicamos fazer a cerim\u00f4nia \u00e0s 16h00 \u2013 m\u00e1ximo, assim, ter\u00e3o pelo menos mais 30 minutos de luz para conseguirem fazer as fotos.<\/p>\n\n\n\n<div class=\"wp-block-image\"><figure class=\"aligncenter size-large\"><img loading=\"lazy\" decoding=\"async\" width=\"1024\" height=\"684\" src=\"http:\/\/casadedois.com.br\/blog\/wp-content\/uploads\/2020\/01\/cas_giovana_frederico-05162-scaled-1024x684.jpg\" alt=\"\" class=\"wp-image-7891\" srcset=\"https:\/\/casadedois.com.br\/blog\/wp-content\/uploads\/2020\/01\/cas_giovana_frederico-05162-scaled-1024x684.jpg 1024w, https:\/\/casadedois.com.br\/blog\/wp-content\/uploads\/2020\/01\/cas_giovana_frederico-05162-scaled-300x200.jpg 300w, https:\/\/casadedois.com.br\/blog\/wp-content\/uploads\/2020\/01\/cas_giovana_frederico-05162-768x513.jpg 768w, https:\/\/casadedois.com.br\/blog\/wp-content\/uploads\/2020\/01\/cas_giovana_frederico-05162-840x560.jpg 840w, https:\/\/casadedois.com.br\/blog\/wp-content\/uploads\/2020\/01\/cas_giovana_frederico-05162-260x174.jpg 260w, https:\/\/casadedois.com.br\/blog\/wp-content\/uploads\/2020\/01\/cas_giovana_frederico-05162-scaled-370x247.jpg 370w, https:\/\/casadedois.com.br\/blog\/wp-content\/uploads\/2020\/01\/cas_giovana_frederico-05162-scaled-283x188.jpg 283w\" sizes=\"auto, (max-width: 1024px) 100vw, 1024px\" \/><figcaption>Foto:  <a href=\"https:\/\/www.instagram.com\/rodrigocyprianofotografia\/\">@rodrigocyprianofotografia<\/a> <\/figcaption><\/figure><\/div>\n\n\n\n<p>Quer saber mais itens importantes para se levar em considera\u00e7\u00e3o e  conseguir fazer um casamento no campo inesquec\u00edvel?! <a href=\"https:\/\/materiais.casadedois.com.br\/_casamento-campo\">Baixe nosso e-book <\/a>e tenha acesso ao manual que vai te passar v\u00e1rias dicas de como se preparar um Casamento no Campo e tornar essa&nbsp;experi\u00eancia \u00fanica e inesquec\u00edvel para todos.&nbsp;<\/p>\n\n\n<p><!-- Pinterest Board--><\/p>\n<p>J\u00e1 segue a gente no Pinterest? Temos v\u00e1rias pastinhas recheadas de inspira\u00e7\u00f5es!<\/p>\n<p><a data-pin-do=\"embedBoard\" data-pin-lang=\"pt\" data-pin-board-width=\"800\" data-pin-scale-height=\"340\" data-pin-scale-width=\"80\" href=\"https:\/\/br.pinterest.com\/casadedois\/casamento-no-campo\/\"><\/a><\/p>\n<p><script async=\"\" defer=\"\" src=\"\/\/assets.pinterest.com\/js\/pinit.js\"><\/script><\/p>\n<p><!-- Fim Pinterest Board--><\/p>","protected":false},"excerpt":{"rendered":"<p>Hoje em dia est\u00e1 cada vez mais comum ver casais fugindo dos casamentos cl\u00e1ssicos das grandes cidades e optando por se casar no campo. Mas n\u00e3o \u00e9 por menos, o contato com a natureza, o cen\u00e1rio, a luz e a&#8230;<\/p>\n","protected":false},"author":2,"featured_media":7892,"comment_status":"open","ping_status":"open","sticky":false,"template":"","format":"standard","meta":{"footnotes":""},"categories":[10,71],"tags":[401,403,294,370,122,369,402,390,400,399,364,317],"class_list":["post-7888","post","type-post","status-publish","format-standard","has-post-thumbnail","hentry","category-a-casa-de-dois","category-etc-e-tal","tag-beleza-da-noiva","tag-campo","tag-casa-de-dois","tag-casamento-de-dia","tag-casamento-no-campo","tag-ebook","tag-espaco-de-casamento","tag-fornecedores-de-casamento","tag-fotos-protocolares","tag-logistica-do-casamento","tag-plano-b","tag-roberta-canuto"],"jetpack_featured_media_url":"https:\/\/casadedois.com.br\/blog\/wp-content\/uploads\/2020\/01\/LucianaRafael-MARCELINOS-1415.jpg","_links":{"self":[{"href":"https:\/\/casadedois.com.br\/blog\/wp-json\/wp\/v2\/posts\/7888","targetHints":{"allow":["GET"]}}],"collection":[{"href":"https:\/\/casadedois.com.br\/blog\/wp-json\/wp\/v2\/posts"}],"about":[{"href":"https:\/\/casadedois.com.br\/blog\/wp-json\/wp\/v2\/types\/post"}],"author":[{"embeddable":true,"href":"https:\/\/casadedois.com.br\/blog\/wp-json\/wp\/v2\/users\/2"}],"replies":[{"embeddable":true,"href":"https:\/\/casadedois.com.br\/blog\/wp-json\/wp\/v2\/comments?post=7888"}],"version-history":[{"count":5,"href":"https:\/\/casadedois.com.br\/blog\/wp-json\/wp\/v2\/posts\/7888\/revisions"}],"predecessor-version":[{"id":9124,"href":"https:\/\/casadedois.com.br\/blog\/wp-json\/wp\/v2\/posts\/7888\/revisions\/9124"}],"wp:featuredmedia":[{"embeddable":true,"href":"https:\/\/casadedois.com.br\/blog\/wp-json\/wp\/v2\/media\/7892"}],"wp:attachment":[{"href":"https:\/\/casadedois.com.br\/blog\/wp-json\/wp\/v2\/media?parent=7888"}],"wp:term":[{"taxonomy":"category","embeddable":true,"href":"https:\/\/casadedois.com.br\/blog\/wp-json\/wp\/v2\/categories?post=7888"},{"taxonomy":"post_tag","embeddable":true,"href":"https:\/\/casadedois.com.br\/blog\/wp-json\/wp\/v2\/tags?post=7888"}],"curies":[{"name":"wp","href":"https:\/\/api.w.org\/{rel}","templated":true}]}}