{"id":7987,"date":"2020-03-11T18:00:00","date_gmt":"2020-03-11T21:00:00","guid":{"rendered":"http:\/\/casadedois.com.br\/blog\/?p=7987"},"modified":"2021-05-08T22:47:08","modified_gmt":"2021-05-09T01:47:08","slug":"16-espacos-para-se-casar-em-sao-paulo","status":"publish","type":"post","link":"https:\/\/casadedois.com.br\/blog\/16-espacos-para-se-casar-em-sao-paulo\/","title":{"rendered":"16 ESPA\u00c7OS PARA SE CASAR EM S\u00c3O PAULO"},"content":{"rendered":"\n<p>Espa\u00e7os de casamento em S\u00e3o Paulo para todos os tipos de noivos!<\/p>\n\n\n\n<p>S\u00e3o Paulo \u00e9 uma cidade enorme e muito completa, que oferece servi\u00e7os e produtos para todos os perfis de consumidores. Para o mercado de festas e casamentos n\u00e3o seria diferente. Afinal, sabemos que escolher o espa\u00e7o dos sonhos para se casar gera muitas d\u00favidas e n\u00e3o \u00e9 uma tarefa muito simples, pois essa escolha envolve valor, tamanho do espa\u00e7o, localiza\u00e7\u00e3o, estrutura, entre outros fatores. \u00c9 normal se sentir insegura no momento dessa escolha.<\/p>\n\n\n\n<p>Uma dica que sempre damos \u00e9: antes de fechar o <a href=\"https:\/\/casadedois.com.br\/blog\/como-escolher-o-espaco-do-seu-casamento\/\">espa\u00e7o<\/a> do seu casamento, fa\u00e7a uma visita presencial em todos aqueles que te interessaram. Acreditamos que a energia do ambiente conta muito no momento da escolha, por isso preste aten\u00e7\u00e3o na sensa\u00e7\u00e3o que sentiu ao visitar o local, pois ser\u00e1 l\u00e1 que voc\u00ea ir\u00e1 comemorar um dos dias mais importantes da sua vida!<br>Mas tamb\u00e9m lembre-se que n\u00e3o \u00e9 s\u00f3 a energia que conta neste momento, preste aten\u00e7\u00e3o em todos os detalhes para saber se ele se enquadra no perfil de espa\u00e7o que voc\u00ea est\u00e1 procurando para se casar.<\/p>\n\n\n\n<h3 class=\"wp-block-heading\">ESPA\u00c7OS DE CASAMENTO EM S\u00c3O PAULO<\/h3>\n\n\n\n<h4 class=\"wp-block-heading\">CASA DAS CALDEIRAS<\/h4>\n\n\n\n<div class=\"wp-block-image\"><figure class=\"aligncenter size-large\"><img loading=\"lazy\" decoding=\"async\" width=\"1024\" height=\"684\" src=\"http:\/\/casadedois.com.br\/blog\/wp-content\/uploads\/2020\/03\/AM1_3356-scaled-1024x684.jpg\" alt=\"Casa das Caldeiras\n\" class=\"wp-image-7988\" srcset=\"https:\/\/casadedois.com.br\/blog\/wp-content\/uploads\/2020\/03\/AM1_3356-scaled-1024x684.jpg 1024w, https:\/\/casadedois.com.br\/blog\/wp-content\/uploads\/2020\/03\/AM1_3356-scaled-300x200.jpg 300w, https:\/\/casadedois.com.br\/blog\/wp-content\/uploads\/2020\/03\/AM1_3356-768x513.jpg 768w, https:\/\/casadedois.com.br\/blog\/wp-content\/uploads\/2020\/03\/AM1_3356-840x560.jpg 840w, https:\/\/casadedois.com.br\/blog\/wp-content\/uploads\/2020\/03\/AM1_3356-260x174.jpg 260w, https:\/\/casadedois.com.br\/blog\/wp-content\/uploads\/2020\/03\/AM1_3356-scaled-370x247.jpg 370w, https:\/\/casadedois.com.br\/blog\/wp-content\/uploads\/2020\/03\/AM1_3356-scaled-283x188.jpg 283w\" sizes=\"auto, (max-width: 1024px) 100vw, 1024px\" \/><figcaption>Foto: <a href=\"https:\/\/www.instagram.com\/zoegafotografia\/\">Zoega<\/a><\/figcaption><\/figure><\/div>\n\n\n\n<p>A Casa das Caldeiras, al\u00e9m de ser um espa\u00e7o super diferente \u00e9 um lugar para os noivos que buscam um estilo industrial e fora da caixinha. L\u00e1 \u00e9 enorme, voc\u00ea pode escolher se casar na parte externa com uma pegada mais de cidade com verde e tijolinhos ou na parte interna que mostra mais detalhes da f\u00e1brica com canos aparentes e chamin\u00e9s. A Casa das Caldeiras, n\u00e3o \u00e9 um lugar f\u00e1cil de organizar casamentos, l\u00e1 tem muitas exig\u00eancias e preocupa\u00e7\u00f5es bem especificas para fazer um evento com seguran\u00e7a. <\/p>\n\n\n\n<p>Mas como n\u00f3s j\u00e1 fizemos bastante eventos por l\u00e1, conhecemos exatamente cada uma dessas pontua\u00e7\u00f5es, o que acaba facilitando muito na hora da an\u00e1lise e de passar todos os detalhes aos noivos. Uma constru\u00e7\u00e3o fabril da d\u00e9cada de 1920 que foi tombada em 1986 como patrim\u00f4nio hist\u00f3rico da cidade de S\u00e3o Paulo. Tem tr\u00eas chamin\u00e9s com mais de 30 metros de altura, p\u00e9 direito livre de 9 metros e grandes janel\u00f5es. A Casa das Caldeiras \u00e9 um espa\u00e7o diferenciado para receber diversos formatos de eventos.<\/p>\n\n\n\n<h4 class=\"wp-block-heading\">CONTEMPOR\u00c2ENO 8076<\/h4>\n\n\n\n<div class=\"wp-block-image\"><figure class=\"aligncenter size-large is-resized\"><img loading=\"lazy\" decoding=\"async\" src=\"http:\/\/casadedois.com.br\/blog\/wp-content\/uploads\/2020\/03\/caroldaniel_095-1024x684.jpg\" alt=\"Contempor\u00e2neo 8076\n\" class=\"wp-image-7991\" width=\"580\" height=\"387\" srcset=\"https:\/\/casadedois.com.br\/blog\/wp-content\/uploads\/2020\/03\/caroldaniel_095-1024x684.jpg 1024w, https:\/\/casadedois.com.br\/blog\/wp-content\/uploads\/2020\/03\/caroldaniel_095-300x200.jpg 300w, https:\/\/casadedois.com.br\/blog\/wp-content\/uploads\/2020\/03\/caroldaniel_095-768x513.jpg 768w, https:\/\/casadedois.com.br\/blog\/wp-content\/uploads\/2020\/03\/caroldaniel_095-840x560.jpg 840w, https:\/\/casadedois.com.br\/blog\/wp-content\/uploads\/2020\/03\/caroldaniel_095-260x174.jpg 260w, https:\/\/casadedois.com.br\/blog\/wp-content\/uploads\/2020\/03\/caroldaniel_095-370x246.jpg 370w, https:\/\/casadedois.com.br\/blog\/wp-content\/uploads\/2020\/03\/caroldaniel_095-283x188.jpg 283w, https:\/\/casadedois.com.br\/blog\/wp-content\/uploads\/2020\/03\/caroldaniel_095.jpg 1600w\" sizes=\"auto, (max-width: 580px) 100vw, 580px\" \/><figcaption>Foto: <a href=\"https:\/\/www.instagram.com\/danilosiqueira.lets\/\">Danilo Siqueira<\/a><\/figcaption><\/figure><\/div>\n\n\n\n<p>Para n\u00f3s, uns dos principais diferencias do Contempor\u00e2neo \u00e9 o espa\u00e7o para a cerim\u00f4nia com suas \u00e1rvores naturais. Perfeito para quem procura se casar no final da tarde e n\u00e3o quer ter reocupa\u00e7\u00f5es com o plano B, pois eles j\u00e1 possuem uma cobertura transparente, trazendo um clima de campo para dentro da cidade de SP. Dependendo do tamanho do casamento, \u00e9 preciso fazer uma remontagem no espa\u00e7o ap\u00f3s a cerim\u00f4nia. Ou seja, transformar o espa\u00e7o em que foi a cerim\u00f4nia em mais mesas para os convidados. A vantagem \u00e9 que para fazer isso, n\u00e3o \u00e9 preciso contratar nenhum tipo de fechamento extra, pois o espa\u00e7o j\u00e1 tem seus pr\u00f3prios fechamentos necess\u00e1rios. <\/p>\n\n\n\n<p>Para quem vai se casar l\u00e1, \u00e9 legal pensar com anteced\u00eancia onde vai ser as fotos protocolares, porque dependendo do n\u00famero de padrinhos, pode ficar muito apertado fazer isso no local onde fica a mesa de doces. Alguns fot\u00f3grafos querem fazer as fotos do lado de fora do espa\u00e7o, mas isso vai muito do que voc\u00eas noivos querem que apare\u00e7a como fundo das fotos. \u00c9 legal ao visitar o espa\u00e7o, j\u00e1 pensar nisso.<\/p>\n\n\n\n<h4 class=\"wp-block-heading\">ESTA\u00c7\u00c3O SP<\/h4>\n\n\n\n<figure class=\"wp-block-image size-large\"><img loading=\"lazy\" decoding=\"async\" width=\"1024\" height=\"682\" src=\"http:\/\/casadedois.com.br\/blog\/wp-content\/uploads\/2020\/03\/IsaCaio-1-scaled-1024x682.jpg\" alt=\"Esta\u00e7\u00e3o SP\n\" class=\"wp-image-7993\" srcset=\"https:\/\/casadedois.com.br\/blog\/wp-content\/uploads\/2020\/03\/IsaCaio-1-scaled-1024x682.jpg 1024w, https:\/\/casadedois.com.br\/blog\/wp-content\/uploads\/2020\/03\/IsaCaio-1-scaled-300x200.jpg 300w, https:\/\/casadedois.com.br\/blog\/wp-content\/uploads\/2020\/03\/IsaCaio-1-768x512.jpg 768w, https:\/\/casadedois.com.br\/blog\/wp-content\/uploads\/2020\/03\/IsaCaio-1-840x560.jpg 840w, https:\/\/casadedois.com.br\/blog\/wp-content\/uploads\/2020\/03\/IsaCaio-1-260x174.jpg 260w, https:\/\/casadedois.com.br\/blog\/wp-content\/uploads\/2020\/03\/IsaCaio-1-scaled-370x246.jpg 370w, https:\/\/casadedois.com.br\/blog\/wp-content\/uploads\/2020\/03\/IsaCaio-1-scaled-283x188.jpg 283w\" sizes=\"auto, (max-width: 1024px) 100vw, 1024px\" \/><figcaption>Foto: <a href=\"https:\/\/www.instagram.com\/rafacanutofotografia\/\">Rafael Canuto<\/a><\/figcaption><\/figure>\n\n\n\n<p>A Esta\u00e7\u00e3o SP tem 12 anos de experi\u00eancia no mercado. Um espa\u00e7o vers\u00e1til e moderno, que apresenta um jardim vertical e p\u00e9-direito de 7 metros. N\u00f3s adoramos a entrada da casa, que tem as paredes verdes e o sal\u00e3o envidra\u00e7ado, que da vista para elas! O espa\u00e7o tem uma divis\u00e3o que no primeiro momento possui um p\u00e9 direito mais baixo, e no espa\u00e7o da pista de dan\u00e7a, um p\u00e9 direito mais alto. <\/p>\n\n\n\n<p>Eles s\u00e3o super preparados para receber grandes eventos. Possuem uma cozinha equipada e espa\u00e7osa, sala para o staff, produ\u00e7\u00e3o e sala dos noivos. Indicamos, em nosso ponto de vista, para aqueles noivos que n\u00e3o querem fazer a cerim\u00f4nia no mesmo espa\u00e7o da festa. Pois normalmente a cerim\u00f4nia acaba ficando bem apertada e \u00e9 preciso contratar um fechamento extra para dividir os espa\u00e7os. Durante a remontagem, os convidados precisam esperar para usar os banheiros pois a passagem fica interditada.<\/p>\n\n\n\n<h4 class=\"wp-block-heading\">CASA BOVERO<\/h4>\n\n\n\n<div class=\"wp-block-image\"><figure class=\"aligncenter size-large\"><img loading=\"lazy\" decoding=\"async\" width=\"925\" height=\"616\" src=\"http:\/\/casadedois.com.br\/blog\/wp-content\/uploads\/2020\/03\/espaco-casamento-sp-0022.jpg\" alt=\"Casa Bovero\n\" class=\"wp-image-7994\" srcset=\"https:\/\/casadedois.com.br\/blog\/wp-content\/uploads\/2020\/03\/espaco-casamento-sp-0022.jpg 925w, https:\/\/casadedois.com.br\/blog\/wp-content\/uploads\/2020\/03\/espaco-casamento-sp-0022-300x200.jpg 300w, https:\/\/casadedois.com.br\/blog\/wp-content\/uploads\/2020\/03\/espaco-casamento-sp-0022-768x511.jpg 768w, https:\/\/casadedois.com.br\/blog\/wp-content\/uploads\/2020\/03\/espaco-casamento-sp-0022-840x560.jpg 840w, https:\/\/casadedois.com.br\/blog\/wp-content\/uploads\/2020\/03\/espaco-casamento-sp-0022-260x174.jpg 260w, https:\/\/casadedois.com.br\/blog\/wp-content\/uploads\/2020\/03\/espaco-casamento-sp-0022-370x246.jpg 370w, https:\/\/casadedois.com.br\/blog\/wp-content\/uploads\/2020\/03\/espaco-casamento-sp-0022-283x188.jpg 283w\" sizes=\"auto, (max-width: 925px) 100vw, 925px\" \/><figcaption>Foto: <a href=\"http:\/\/www.casabovero.com.br\">Site Casa Bovero<\/a><\/figcaption><\/figure><\/div>\n\n\n\n<p>Um ambiente singular, que se destaca quando o objetivo \u00e9 escolher um lugar diferente e sofisticado. Todos os ambientes s\u00e3o compostos por m\u00f3veis \u00fanicos e frutos de um garimpo bem selecionado. A casa \u00e9 toda de tijolinho, criando um ambiente aconchegante e super instagram\u00e1vel! A pista de dan\u00e7a pode ser aberta ou com uma parte fechada, com paredes de vidro. Sempre que houver cerim\u00f4nia no local, \u00e9 preciso fazer uma pequena remontagem no espa\u00e7o. Um espa\u00e7o pequeno, que comporta no m\u00e1ximo 150 pessoas. <\/p>\n\n\n\n<p>J\u00e1 possuem uma estrutura de bar que fica ao lado da pista de dan\u00e7a. Existe um espa\u00e7o muito charmoso para a noiva se arrumar no dia do casamento. A casa oferece alguns pacotes para o perfil de noivas mais pr\u00e1ticas, onde j\u00e1 est\u00e1 incluso dj, decora\u00e7\u00e3o e buffet.<\/p>\n\n\n\n<p>Quer ver mais espa\u00e7os que selecionamos para casamentos que v\u00e3o acontecer em S\u00e3o Paulo? <a href=\"https:\/\/materiais.casadedois.com.br\/2021_-16-lugares\">Baixe nosso E-book<\/a> e fique por dentro de tudo!<\/p>\n\n\n\n<div class=\"wp-block-image\"><figure class=\"aligncenter size-large is-resized\"><a href=\"https:\/\/materiais.casadedois.com.br\/16espacosparacasaremsp\"><img loading=\"lazy\" decoding=\"async\" src=\"http:\/\/casadedois.com.br\/blog\/wp-content\/uploads\/2017\/01\/Bem-vindo-Outono-Instagram-Post.png\" alt=\"\" class=\"wp-image-7986\" width=\"413\" height=\"413\" srcset=\"https:\/\/casadedois.com.br\/blog\/wp-content\/uploads\/2017\/01\/Bem-vindo-Outono-Instagram-Post.png 640w, https:\/\/casadedois.com.br\/blog\/wp-content\/uploads\/2017\/01\/Bem-vindo-Outono-Instagram-Post-300x300.png 300w, https:\/\/casadedois.com.br\/blog\/wp-content\/uploads\/2017\/01\/Bem-vindo-Outono-Instagram-Post-150x150.png 150w, https:\/\/casadedois.com.br\/blog\/wp-content\/uploads\/2017\/01\/Bem-vindo-Outono-Instagram-Post-100x100.png 100w, https:\/\/casadedois.com.br\/blog\/wp-content\/uploads\/2017\/01\/Bem-vindo-Outono-Instagram-Post-60x60.png 60w, https:\/\/casadedois.com.br\/blog\/wp-content\/uploads\/2017\/01\/Bem-vindo-Outono-Instagram-Post-570x570.png 570w, https:\/\/casadedois.com.br\/blog\/wp-content\/uploads\/2017\/01\/Bem-vindo-Outono-Instagram-Post-370x370.png 370w, https:\/\/casadedois.com.br\/blog\/wp-content\/uploads\/2017\/01\/Bem-vindo-Outono-Instagram-Post-283x283.png 283w, https:\/\/casadedois.com.br\/blog\/wp-content\/uploads\/2017\/01\/Bem-vindo-Outono-Instagram-Post-266x266.png 266w, https:\/\/casadedois.com.br\/blog\/wp-content\/uploads\/2017\/01\/Bem-vindo-Outono-Instagram-Post-600x600.png 600w\" sizes=\"auto, (max-width: 413px) 100vw, 413px\" \/><\/a><\/figure><\/div>\n\n\n<p><!-- Pinterest Board--><\/p>\n<p>J\u00e1 segue a gente no Pinterest? Temos v\u00e1rias pastinhas recheadas de inspira\u00e7\u00f5es!<\/p>\n<p><a data-pin-do=\"embedBoard\" data-pin-lang=\"pt\" data-pin-board-width=\"800\" data-pin-scale-height=\"340\" data-pin-scale-width=\"80\" href=\"https:\/\/br.pinterest.com\/casadedois\/casamentos-casa-de-dois\/\"><\/a><\/p>\n<p><script async=\"\" defer=\"\" src=\"\/\/assets.pinterest.com\/js\/pinit.js\"><\/script><\/p>\n<p><!-- Fim Pinterest Board--><\/p>","protected":false},"excerpt":{"rendered":"<p>Espa\u00e7os de casamento em S\u00e3o Paulo para todos os tipos de noivos! S\u00e3o Paulo \u00e9 uma cidade enorme e muito completa, que oferece servi\u00e7os e produtos para todos os perfis de consumidores. Para o mercado de festas e casamentos n\u00e3o&#8230;<\/p>\n","protected":false},"author":2,"featured_media":7986,"comment_status":"open","ping_status":"open","sticky":false,"template":"","format":"standard","meta":{"footnotes":""},"categories":[10,71],"tags":[59,434,391,336,294,432,435,3,244,243,431,428,430,429,427,433],"class_list":["post-7987","post","type-post","status-publish","format-standard","has-post-thumbnail","hentry","category-a-casa-de-dois","category-etc-e-tal","tag-assessoria-de-casamento","tag-buffet-franca","tag-casa-bovero","tag-casa-das-caldeiras","tag-casa-de-dois","tag-casa-fasano","tag-casa-panamericana","tag-casamento","tag-casamento-em-sao-paulo","tag-casamento-na-cidade","tag-contemporaneo-8076","tag-espacos-para-se-casar-em-sao-paulo","tag-estacao-sp","tag-onde-se-casar-em-sao-paulo","tag-sao-paulo","tag-tangara"],"jetpack_featured_media_url":"https:\/\/casadedois.com.br\/blog\/wp-content\/uploads\/2017\/01\/Bem-vindo-Outono-Instagram-Post.png","_links":{"self":[{"href":"https:\/\/casadedois.com.br\/blog\/wp-json\/wp\/v2\/posts\/7987","targetHints":{"allow":["GET"]}}],"collection":[{"href":"https:\/\/casadedois.com.br\/blog\/wp-json\/wp\/v2\/posts"}],"about":[{"href":"https:\/\/casadedois.com.br\/blog\/wp-json\/wp\/v2\/types\/post"}],"author":[{"embeddable":true,"href":"https:\/\/casadedois.com.br\/blog\/wp-json\/wp\/v2\/users\/2"}],"replies":[{"embeddable":true,"href":"https:\/\/casadedois.com.br\/blog\/wp-json\/wp\/v2\/comments?post=7987"}],"version-history":[{"count":6,"href":"https:\/\/casadedois.com.br\/blog\/wp-json\/wp\/v2\/posts\/7987\/revisions"}],"predecessor-version":[{"id":9131,"href":"https:\/\/casadedois.com.br\/blog\/wp-json\/wp\/v2\/posts\/7987\/revisions\/9131"}],"wp:featuredmedia":[{"embeddable":true,"href":"https:\/\/casadedois.com.br\/blog\/wp-json\/wp\/v2\/media\/7986"}],"wp:attachment":[{"href":"https:\/\/casadedois.com.br\/blog\/wp-json\/wp\/v2\/media?parent=7987"}],"wp:term":[{"taxonomy":"category","embeddable":true,"href":"https:\/\/casadedois.com.br\/blog\/wp-json\/wp\/v2\/categories?post=7987"},{"taxonomy":"post_tag","embeddable":true,"href":"https:\/\/casadedois.com.br\/blog\/wp-json\/wp\/v2\/tags?post=7987"}],"curies":[{"name":"wp","href":"https:\/\/api.w.org\/{rel}","templated":true}]}}