{"id":8165,"date":"2020-07-20T14:37:22","date_gmt":"2020-07-20T17:37:22","guid":{"rendered":"http:\/\/casadedois.com.br\/blog\/?p=8165"},"modified":"2020-07-20T14:37:31","modified_gmt":"2020-07-20T17:37:31","slug":"sobre-a-decoracao-de-casamento","status":"publish","type":"post","link":"https:\/\/casadedois.com.br\/blog\/sobre-a-decoracao-de-casamento\/","title":{"rendered":"SOBRE A DECORA\u00c7\u00c3O DE CASAMENTO"},"content":{"rendered":"\n<p>Neste post vamos falar sobre a decora\u00e7\u00e3o de casamento, como escolher o profissional, o estilo, quanto gastar com isso, e outros detalhes.<\/p>\n\n\n\n<figure class=\"wp-block-image size-large\"><a href=\"https:\/\/www.instagram.com\/p\/CCow4UUnES2\/\"><img loading=\"lazy\" decoding=\"async\" width=\"1024\" height=\"1024\" src=\"http:\/\/casadedois.com.br\/blog\/wp-content\/uploads\/2020\/07\/nayararafael__014-1024x1024.jpg\" alt=\"DECORA\u00c7\u00c3O DE CASAMENTO\" class=\"wp-image-8169\" srcset=\"https:\/\/casadedois.com.br\/blog\/wp-content\/uploads\/2020\/07\/nayararafael__014-1024x1024.jpg 1024w, https:\/\/casadedois.com.br\/blog\/wp-content\/uploads\/2020\/07\/nayararafael__014-300x300.jpg 300w, https:\/\/casadedois.com.br\/blog\/wp-content\/uploads\/2020\/07\/nayararafael__014-150x150.jpg 150w, https:\/\/casadedois.com.br\/blog\/wp-content\/uploads\/2020\/07\/nayararafael__014-scaled-100x100.jpg 100w, https:\/\/casadedois.com.br\/blog\/wp-content\/uploads\/2020\/07\/nayararafael__014-1536x1536.jpg 1536w, https:\/\/casadedois.com.br\/blog\/wp-content\/uploads\/2020\/07\/nayararafael__014-2048x2048.jpg 2048w, https:\/\/casadedois.com.br\/blog\/wp-content\/uploads\/2020\/07\/nayararafael__014-60x60.jpg 60w, https:\/\/casadedois.com.br\/blog\/wp-content\/uploads\/2020\/07\/nayararafael__014-570x570.jpg 570w, https:\/\/casadedois.com.br\/blog\/wp-content\/uploads\/2020\/07\/nayararafael__014-scaled-370x370.jpg 370w, https:\/\/casadedois.com.br\/blog\/wp-content\/uploads\/2020\/07\/nayararafael__014-scaled-283x283.jpg 283w, https:\/\/casadedois.com.br\/blog\/wp-content\/uploads\/2020\/07\/nayararafael__014-scaled-600x600.jpg 600w\" sizes=\"auto, (max-width: 1024px) 100vw, 1024px\" \/><\/a><figcaption>Casamento Nayara e Rafael<br>Decora\u00e7\u00e3o\u00a0<a href=\"https:\/\/www.instagram.com\/taispuntel\/\">@taispuntel<\/a>. Foto:\u00a0<a href=\"https:\/\/www.instagram.com\/danilosiqueira.lets\/\">@danilosiqueira.lets<\/a><\/figcaption><\/figure>\n\n\n\n<p>Muitas d\u00favidas podem surgir na hora de escolher o decorador do seu casamento. Por isso vamos te passar 5 dicas para se fazer antes de assinar o contrato:<\/p>\n\n\n\n<ul class=\"wp-block-list\"><li>Primeira coisa \u00e9 j\u00e1 ter um espa\u00e7o definido, pois \u00e9 em cima do espa\u00e7o escolhido que o decorador vai ter uma ideia do que precisa levar de mobili\u00e1rio, ou se aquele espa\u00e7o j\u00e1 tem mobili\u00e1rio inclu\u00eddo. (isso influ\u00eancia no valor final da decora\u00e7\u00e3o)<\/li><li>Escolher um decorador que fa\u00e7a sentido no estilo do casamento.<\/li><li>\u00c9 importante que a decora\u00e7\u00e3o esteja dentro do seu or\u00e7amento. Consideramos que ela consuma entorno de 22% do budget.<\/li><li>\u00c9 preciso confiar 100% no decorador escolhido e deix\u00e1-lo livre para criar dentro das suas expectativas.<\/li><li>Se voc\u00ea n\u00e3o tem nenhuma refer\u00eancia de decorador para o seu casamento, com certeza a sua assessoria ir\u00e1 te ajudar com indica\u00e7\u00f5es de fornecedores em que confia.<\/li><\/ul>\n\n\n\n<h4 class=\"wp-block-heading\">Por que \u00e9 importante fazer uma ultima reuni\u00e3o de decora\u00e7\u00e3o antes do casamento?<\/h4>\n\n\n\n<div class=\"wp-block-image\"><figure class=\"aligncenter size-large is-resized\"><img loading=\"lazy\" decoding=\"async\" src=\"http:\/\/casadedois.com.br\/blog\/wp-content\/uploads\/2020\/07\/Por-que-\u00e9-importante-fazer-uma-\u00faltima-reuni\u00e3o-de-decora\u00e7\u00e3o-antes-do-casamento_-1024x1024.png\" alt=\"DECORA\u00c7\u00c3O DE CASAMENTO\" class=\"wp-image-8166\" width=\"428\" height=\"428\" srcset=\"https:\/\/casadedois.com.br\/blog\/wp-content\/uploads\/2020\/07\/Por-que-\u00e9-importante-fazer-uma-\u00faltima-reuni\u00e3o-de-decora\u00e7\u00e3o-antes-do-casamento_-1024x1024.png 1024w, https:\/\/casadedois.com.br\/blog\/wp-content\/uploads\/2020\/07\/Por-que-\u00e9-importante-fazer-uma-\u00faltima-reuni\u00e3o-de-decora\u00e7\u00e3o-antes-do-casamento_-300x300.png 300w, https:\/\/casadedois.com.br\/blog\/wp-content\/uploads\/2020\/07\/Por-que-\u00e9-importante-fazer-uma-\u00faltima-reuni\u00e3o-de-decora\u00e7\u00e3o-antes-do-casamento_-150x150.png 150w, https:\/\/casadedois.com.br\/blog\/wp-content\/uploads\/2020\/07\/Por-que-\u00e9-importante-fazer-uma-\u00faltima-reuni\u00e3o-de-decora\u00e7\u00e3o-antes-do-casamento_-768x768.png 768w, https:\/\/casadedois.com.br\/blog\/wp-content\/uploads\/2020\/07\/Por-que-\u00e9-importante-fazer-uma-\u00faltima-reuni\u00e3o-de-decora\u00e7\u00e3o-antes-do-casamento_-100x100.png 100w, https:\/\/casadedois.com.br\/blog\/wp-content\/uploads\/2020\/07\/Por-que-\u00e9-importante-fazer-uma-\u00faltima-reuni\u00e3o-de-decora\u00e7\u00e3o-antes-do-casamento_-1536x1536.png 1536w, https:\/\/casadedois.com.br\/blog\/wp-content\/uploads\/2020\/07\/Por-que-\u00e9-importante-fazer-uma-\u00faltima-reuni\u00e3o-de-decora\u00e7\u00e3o-antes-do-casamento_-2048x2048.png 2048w, https:\/\/casadedois.com.br\/blog\/wp-content\/uploads\/2020\/07\/Por-que-\u00e9-importante-fazer-uma-\u00faltima-reuni\u00e3o-de-decora\u00e7\u00e3o-antes-do-casamento_-60x60.png 60w, https:\/\/casadedois.com.br\/blog\/wp-content\/uploads\/2020\/07\/Por-que-\u00e9-importante-fazer-uma-\u00faltima-reuni\u00e3o-de-decora\u00e7\u00e3o-antes-do-casamento_-570x570.png 570w, https:\/\/casadedois.com.br\/blog\/wp-content\/uploads\/2020\/07\/Por-que-\u00e9-importante-fazer-uma-\u00faltima-reuni\u00e3o-de-decora\u00e7\u00e3o-antes-do-casamento_-370x370.png 370w, https:\/\/casadedois.com.br\/blog\/wp-content\/uploads\/2020\/07\/Por-que-\u00e9-importante-fazer-uma-\u00faltima-reuni\u00e3o-de-decora\u00e7\u00e3o-antes-do-casamento_-283x283.png 283w\" sizes=\"auto, (max-width: 428px) 100vw, 428px\" \/><\/figure><\/div>\n\n\n\n<p>Na primeira reuni\u00e3o voc\u00ea acaba falando mais sobre os seus gostos, como gostaria que o seu casamento fosse e assim \u00e9 montado o primeiro mood board. <\/p>\n\n\n\n<p>Mas, uns dois meses antes do casamento, a gente gosta de sentar com o decorador e com os noivos, para ent\u00e3o colocar todos os &#8220;pingos no Is&#8221;.<\/p>\n\n\n\n<p>\u00c9 nessa reuni\u00e3o que teremos todas as informa\u00e7\u00f5es como por exemplo: quantidade e tamanho dos buffets, quantas houses e seus tamanhos, tamanho do palco, e se precisar, fazer qualquer altera\u00e7\u00e3o no layout. <\/p>\n\n\n\n<p>Dependendo do decorador, eles fazem tamb\u00e9m a prova de arranjo (para ter uma ideia de como vai ser o arranjo junto com o susplat e toalha de mesa).<br>Definimos tamb\u00e9m as cores das forminhas, as pe\u00e7as que ser\u00e3o usadas no buffet, cor do bem casado entre outros detalhes!<br><br>Esse \u00e9 um momento muito bom para as noivas relembrarem os detalhes do casamento, o que contrataram, como \u00e9 o projeto, por que muitas come\u00e7am a organizar o casamento com mais de um ano de anteced\u00eancia, e assim conseguem visualizar melhor como ser\u00e1 o seu grande dia!<\/p>\n\n\n\n<h4 class=\"wp-block-heading\">SENTA QUE L\u00c1 VEM HIST\u00d3RIA<\/h4>\n\n\n\n<p>Nada melhor que hist\u00f3ria para encerrar a semana que falamos sobre decora\u00e7\u00e3o.<br>J\u00e1 passei por muitos apuros, principalmente no in\u00edcio, onde eu e os decoradores que trabalhei eram inexperientes.<br>J\u00e1 passei tamb\u00e9m por muitos decoradores do estilo arrogante. (Cuidado com suas escolhas)<br><br>Mas a hist\u00f3ria que queria contar hoje \u00e9 de uma uni\u00e3o entre assessoria e equipe de decora\u00e7\u00e3o. No casamento da Monique e do Binho, choveu muito, caiu o mundo uma hora antes dos convidados chegarem. Era chuva de ver\u00e3o, ent\u00e3o veio como um furac\u00e3o e passou logo. <\/p>\n\n\n\n<p>A nossa rea\u00e7\u00e3o foi pegar todas as vassouras, rodos e panos para limpar a \u00e1rea da cerim\u00f4nia inteira, secar os bancos e tamb\u00e9m boa parte da festa (foi uma chuva de vento, ent\u00e3o entrou em alguns cantinhos). Quando olhei pro lado, estava toda equipe de Decor junto com a gente. <\/p>\n\n\n\n<p>Pode parecer nada, mas n\u00f3s conseguimos deixar o lugar intacto para a chegada dos convidados e s\u00f3 foi poss\u00edvel com a nossa (assessoria, espa\u00e7o e decor) vontade de fazer dar certo e por entendermos que somos uma equipe s\u00f3 .<br><br>At\u00e9 hoje me arrepio quando me lembro disso! Precisamos entender cada momento, o que teremos que abrir m\u00e3o para fazer o que \u00e9 mais urgente ali na hora e claro, indicar parceiros que jogam junto.<br><br>Conclus\u00e3o: n\u00e3o escolha seu decorador ou decoradora apenas pelo Instagram ou pelo que \u00e9 falado em algum site de casamento. Sua assessoria vai saber o que faz mais sentido pra voc\u00ea e saber como aquela equipe trabalha por tr\u00e1s das telinhas.<\/p>\n\n\n\n<p class=\"has-text-align-left\">Em nosso canal do youtube, temos um v\u00eddeo com a decoradora Tais Puntel onde ela fala tudo o que acha a respeito das decora\u00e7\u00f5es de casamento, das noivas e estilos!<\/p>\n\n\n\n<figure class=\"wp-block-embed-youtube wp-block-embed is-type-video is-provider-youtube wp-embed-aspect-16-9 wp-has-aspect-ratio\"><div class=\"wp-block-embed__wrapper\">\n<iframe loading=\"lazy\" title=\"DE FRENTE COM ROBERTINHA: DECORA\u00c7\u00c3O DE CASAMENTO COM TA\u00cdS PUNTEL | Casa de Dois por Roberta Canuto\" width=\"1170\" height=\"658\" src=\"https:\/\/www.youtube.com\/embed\/Pg5wAz4svYs?start=44&#038;feature=oembed\" frameborder=\"0\" allow=\"accelerometer; autoplay; encrypted-media; gyroscope; picture-in-picture\" allowfullscreen><\/iframe>\n<\/div><\/figure>\n\n\n\n<p>E voc\u00ea, j\u00e1 decidiu quem vai fazer a decora\u00e7\u00e3o do seu casamento?<\/p>\n","protected":false},"excerpt":{"rendered":"<p>Neste post vamos falar sobre a decora\u00e7\u00e3o de casamento, como escolher o profissional, o estilo, quanto gastar com isso, e outros detalhes. Muitas d\u00favidas podem surgir na hora de escolher o decorador do seu casamento. Por isso vamos te passar&#8230;<\/p>\n","protected":false},"author":2,"featured_media":8169,"comment_status":"open","ping_status":"open","sticky":false,"template":"","format":"standard","meta":{"footnotes":""},"categories":[10,71],"tags":[294,3,490,62,112],"class_list":["post-8165","post","type-post","status-publish","format-standard","has-post-thumbnail","hentry","category-a-casa-de-dois","category-etc-e-tal","tag-casa-de-dois","tag-casamento","tag-decoracao","tag-decoracao-de-casamento","tag-noivos"],"jetpack_featured_media_url":"https:\/\/casadedois.com.br\/blog\/wp-content\/uploads\/2020\/07\/nayararafael__014-scaled.jpg","_links":{"self":[{"href":"https:\/\/casadedois.com.br\/blog\/wp-json\/wp\/v2\/posts\/8165","targetHints":{"allow":["GET"]}}],"collection":[{"href":"https:\/\/casadedois.com.br\/blog\/wp-json\/wp\/v2\/posts"}],"about":[{"href":"https:\/\/casadedois.com.br\/blog\/wp-json\/wp\/v2\/types\/post"}],"author":[{"embeddable":true,"href":"https:\/\/casadedois.com.br\/blog\/wp-json\/wp\/v2\/users\/2"}],"replies":[{"embeddable":true,"href":"https:\/\/casadedois.com.br\/blog\/wp-json\/wp\/v2\/comments?post=8165"}],"version-history":[{"count":2,"href":"https:\/\/casadedois.com.br\/blog\/wp-json\/wp\/v2\/posts\/8165\/revisions"}],"predecessor-version":[{"id":8172,"href":"https:\/\/casadedois.com.br\/blog\/wp-json\/wp\/v2\/posts\/8165\/revisions\/8172"}],"wp:featuredmedia":[{"embeddable":true,"href":"https:\/\/casadedois.com.br\/blog\/wp-json\/wp\/v2\/media\/8169"}],"wp:attachment":[{"href":"https:\/\/casadedois.com.br\/blog\/wp-json\/wp\/v2\/media?parent=8165"}],"wp:term":[{"taxonomy":"category","embeddable":true,"href":"https:\/\/casadedois.com.br\/blog\/wp-json\/wp\/v2\/categories?post=8165"},{"taxonomy":"post_tag","embeddable":true,"href":"https:\/\/casadedois.com.br\/blog\/wp-json\/wp\/v2\/tags?post=8165"}],"curies":[{"name":"wp","href":"https:\/\/api.w.org\/{rel}","templated":true}]}}