{"id":8173,"date":"2020-07-24T12:17:37","date_gmt":"2020-07-24T15:17:37","guid":{"rendered":"http:\/\/casadedois.com.br\/blog\/?p=8173"},"modified":"2021-02-17T21:15:48","modified_gmt":"2021-02-18T00:15:48","slug":"lua-de-mel-na-grecia","status":"publish","type":"post","link":"https:\/\/casadedois.com.br\/blog\/lua-de-mel-na-grecia\/","title":{"rendered":"LUA DE MEL NA GR\u00c9CIA"},"content":{"rendered":"\n<p>Lua de mel na Gr\u00e9cia, um destino que re\u00fane atra\u00e7\u00f5es que v\u00e3o desde lindas praias, paisagens deslumbrantes de montanhas, vulc\u00f5es, cavernas e muitos monumentos culturais e hist\u00f3ricos. Os gregos sem d\u00favida influenciaram na hist\u00f3ria do mundo, na pol\u00edtica, nas artes entre outros conceitos que conhecemos hoje.<\/p>\n\n\n\n<p>Terra dos deuses Eros e Afrodite, que inspiraram hist\u00f3rias de amor. A Gr\u00e9cia \u00e9 sem d\u00favida um destino naturalmente rom\u00e2ntico, queridinha dos casais para passar a lua de mel ou uma viagem mais rom\u00e2ntica, capaz de despertar todos os sentidos.<\/p>\n\n\n\n<div class=\"wp-block-image\"><figure class=\"aligncenter size-large\"><img loading=\"lazy\" decoding=\"async\" width=\"716\" height=\"478\" src=\"http:\/\/casadedois.com.br\/blog\/wp-content\/uploads\/2020\/07\/Lua-de-mel.png\" alt=\"LUA DE MEL NA GR\u00c9CIA\" class=\"wp-image-8181\" srcset=\"https:\/\/casadedois.com.br\/blog\/wp-content\/uploads\/2020\/07\/Lua-de-mel.png 716w, https:\/\/casadedois.com.br\/blog\/wp-content\/uploads\/2020\/07\/Lua-de-mel-300x200.png 300w, https:\/\/casadedois.com.br\/blog\/wp-content\/uploads\/2020\/07\/Lua-de-mel-260x174.png 260w, https:\/\/casadedois.com.br\/blog\/wp-content\/uploads\/2020\/07\/Lua-de-mel-370x247.png 370w, https:\/\/casadedois.com.br\/blog\/wp-content\/uploads\/2020\/07\/Lua-de-mel-283x188.png 283w, https:\/\/casadedois.com.br\/blog\/wp-content\/uploads\/2020\/07\/Lua-de-mel-100x67.png 100w, https:\/\/casadedois.com.br\/blog\/wp-content\/uploads\/2020\/07\/Lua-de-mel-840x560.png 840w, https:\/\/casadedois.com.br\/blog\/wp-content\/uploads\/2020\/07\/Lua-de-mel-600x400.png 600w\" sizes=\"auto, (max-width: 716px) 100vw, 716px\" \/><figcaption>Nossos noivos Gustavo e Fl\u00e1via que passaram a lua de mel na Gr\u00e9cia.<\/figcaption><\/figure><\/div>\n\n\n\n<p>O pa\u00eds \u00e9 formado por mais de 6 mil ilhas, mas apenas 227 s\u00e3o habitadas. E \u00e9 importante mencionar que \u00e9 dividido por nove regi\u00f5es geogr\u00e1ficas: Maced\u00f4nia, Gr\u00e9cia Central, Peloponeso, Tess\u00e1lia, Epiro, Tr\u00e1cia, Creta e Ilhas. Essas s\u00e3o divididas em Ilhas do Egeu (C\u00edclades e Dodecaneso) e Ilhas J\u00f4nicas.<\/p>\n\n\n\n<div class=\"wp-block-image\"><figure class=\"aligncenter size-large\"><img loading=\"lazy\" decoding=\"async\" width=\"482\" height=\"397\" src=\"http:\/\/casadedois.com.br\/blog\/wp-content\/uploads\/2020\/07\/Mapa-3.png\" alt=\"LUA DE MEL NA GR\u00c9CIA\" class=\"wp-image-8180\" srcset=\"https:\/\/casadedois.com.br\/blog\/wp-content\/uploads\/2020\/07\/Mapa-3.png 482w, https:\/\/casadedois.com.br\/blog\/wp-content\/uploads\/2020\/07\/Mapa-3-300x247.png 300w, https:\/\/casadedois.com.br\/blog\/wp-content\/uploads\/2020\/07\/Mapa-3-370x304.png 370w, https:\/\/casadedois.com.br\/blog\/wp-content\/uploads\/2020\/07\/Mapa-3-283x233.png 283w\" sizes=\"auto, (max-width: 482px) 100vw, 482px\" \/><figcaption>Fonte: Horizon Travel Gr\u00e9cia<\/figcaption><\/figure><\/div>\n\n\n\n<p><strong>Covid-19: <\/strong>Desde o dia 15 de junho, ser\u00e1 permitida a entrada de passageiros provenientes de outros pa\u00edses e ser\u00e1 realizado o teste de COVID-19 na chegada. Caso o resultado seja negativo, o passageiro ter\u00e1 que ficar, obrigatoriamente, em quarentena por 7 dias, por\u00e9m se for positivo, a quarentena ser\u00e1 de 14 dias.<\/p>\n\n\n\n<p>Essas medidas ser\u00e3o reavaliadas e podem sofrer altera\u00e7\u00f5es a partir de 1\u00ba de julho. A princ\u00edpio n\u00e3o haver\u00e1 restri\u00e7\u00f5es dentro do pa\u00eds para visitar os s\u00edtios arqueol\u00f3gicos ou museus, mosteiros de Meteora, passando pela Acr\u00f3pole, mas com um sistema de filtros de entrada. Por\u00e9m a \u00fanica desvantagem para os viajantes \u00e9 que os buffets ser\u00e3o removidos nos hot\u00e9is.<\/p>\n\n\n\n<p>Vale lembrar que a Uni\u00e3o Europeia (UE) anunciou pretende criar uma lista especial de na\u00e7\u00f5es que poder\u00e3o fazer turismo na Europa ap\u00f3s a reabertura das fronteiras no dia 1\u00ba de julho. No entanto, n\u00e3o ser\u00e1 permitida a entrada de viajantes que vivam em locais onde a pandemia do coronav\u00edrus n\u00e3o foi controlada.<\/p>\n\n\n\n<h4 class=\"wp-block-heading\">Quando ir?<\/h4>\n\n\n\n<p>A melhor \u00e9poca para viajar \u00e9 de abril at\u00e9 in\u00edcio de outubro, quando o clima ainda est\u00e1 mais ameno. Mas, se puder, procure evitar o auge do ver\u00e3o (Julho e Agosto), a uni\u00e3o do calor com as f\u00e9rias europeias, ent\u00e3o as ilhas principalmente as mais famosas, ficam extremamente cheias.<\/p>\n\n\n\n<h4 class=\"wp-block-heading\">Como circular pelas ilhas?<\/h4>\n\n\n\n<p>O transporte a\u00e9reo \u00e9 o mais recomendado para quem tem pouco tempo. Barcos e os ferry boats s\u00e3o recomendados para se deslocar entre as ilhas do mesmo arquip\u00e9lago e pr\u00f3ximos. Para o transporte terrestre opte pela contrata\u00e7\u00e3o de transfers ou aluguel de carro.<\/p>\n\n\n\n<h4 class=\"wp-block-heading\">Quais ilhas escolher?<\/h4>\n\n\n\n<p>Falamos mais sobre como escolher as ilhas no nosso Instagram. Veja o v\u00eddeo que gravamos sobre esse assunto! &#x263a;<\/p>\n\n\n\n<figure class=\"wp-block-embed aligncenter is-type-video is-provider-youtube wp-block-embed-youtube wp-embed-aspect-16-9 wp-has-aspect-ratio\"><div class=\"wp-block-embed__wrapper\">\n<iframe loading=\"lazy\" title=\"Quais s\u00e3o as 4 principais diferen\u00e7as entre Mykonos e Santorini? | Casa de Dois Destination Wedding\" width=\"1170\" height=\"658\" src=\"https:\/\/www.youtube.com\/embed\/F7-bjbUE3F4?start=5&#038;feature=oembed\" frameborder=\"0\" allow=\"accelerometer; autoplay; clipboard-write; encrypted-media; gyroscope; picture-in-picture\" allowfullscreen><\/iframe>\n<\/div><\/figure>\n\n\n\n<h4 class=\"wp-block-heading\">Destinos<\/h4>\n\n\n\n<p>Os principais destinos que queremos destacar e que podemos incluir no seu roteiro personalizado para a primeira viagem ou retorno a Gr\u00e9cia s\u00e3o:<\/p>\n\n\n\n<h3 class=\"wp-block-heading\">ATENAS<\/h3>\n\n\n\n<p>Em Atenas \u00e9 poss\u00edvel encontrar a uni\u00e3o da antiguidade com o mundo moderno. Fique em torno de 3 a 4 dias para conhecer os principais pontos tur\u00edsticos.<\/p>\n\n\n\n<p>A atra\u00e7\u00e3o que n\u00e3o pode faltar no roteiro \u00e9 sem d\u00favida, a visita a Acr\u00f3pole e que tal um jantar rom\u00e2ntico a luz de velas e com vista para ela? Ser\u00e1 uma experi\u00eancia inesquec\u00edvel para a sua lua de mel na Gr\u00e9cia.<\/p>\n\n\n\n<div class=\"wp-block-image\"><figure class=\"aligncenter size-large\"><img loading=\"lazy\" decoding=\"async\" width=\"1024\" height=\"420\" src=\"http:\/\/casadedois.com.br\/blog\/wp-content\/uploads\/2020\/07\/aussieactive-sHDQCcOTD4Y-unsplash-1024x420.jpg\" alt=\"LUA DE MEL NA GR\u00c9CIA\" class=\"wp-image-8187\" srcset=\"https:\/\/casadedois.com.br\/blog\/wp-content\/uploads\/2020\/07\/aussieactive-sHDQCcOTD4Y-unsplash-1024x420.jpg 1024w, https:\/\/casadedois.com.br\/blog\/wp-content\/uploads\/2020\/07\/aussieactive-sHDQCcOTD4Y-unsplash-300x123.jpg 300w, https:\/\/casadedois.com.br\/blog\/wp-content\/uploads\/2020\/07\/aussieactive-sHDQCcOTD4Y-unsplash-768x315.jpg 768w, https:\/\/casadedois.com.br\/blog\/wp-content\/uploads\/2020\/07\/aussieactive-sHDQCcOTD4Y-unsplash-370x151.jpg 370w, https:\/\/casadedois.com.br\/blog\/wp-content\/uploads\/2020\/07\/aussieactive-sHDQCcOTD4Y-unsplash-283x116.jpg 283w, https:\/\/casadedois.com.br\/blog\/wp-content\/uploads\/2020\/07\/aussieactive-sHDQCcOTD4Y-unsplash.jpg 1920w\" sizes=\"auto, (max-width: 1024px) 100vw, 1024px\" \/><figcaption>Vista noturna da Acr\u00f3pole | Fonte: Unsplash<\/figcaption><\/figure><\/div>\n\n\n\n<p>H\u00e1 locais interessantes tamb\u00e9m fora da cidade, s\u00e3o passeios de 1 dia. Entre eles est\u00e1 o Templo de Poseidon, no Cabo de Sounion que fica a cerca de 1 hora de Atenas, essa regi\u00e3o tamb\u00e9m \u00e9 um balne\u00e1rio com excelentes hot\u00e9is de praia. <\/p>\n\n\n\n<p>Outra op\u00e7\u00e3o \u00e9 Meteora, o maior e mais importante grupo de monast\u00e9rios na Gr\u00e9cia, as constru\u00e7\u00f5es impressionam, eles est\u00e3o localizados em penhascos suspensos, o que d\u00e1 ao local toda uma magia. E as fotos ficam maravilhosas!<\/p>\n\n\n\n<div class=\"wp-block-image\"><figure class=\"aligncenter size-large\"><img loading=\"lazy\" decoding=\"async\" width=\"1024\" height=\"683\" src=\"http:\/\/casadedois.com.br\/blog\/wp-content\/uploads\/2020\/07\/sorin-cicos-tKLk2qVgYSs-unsplash-1024x683.jpg\" alt=\"LUA DE MEL NA GR\u00c9CIA\" class=\"wp-image-8174\" srcset=\"https:\/\/casadedois.com.br\/blog\/wp-content\/uploads\/2020\/07\/sorin-cicos-tKLk2qVgYSs-unsplash-1024x683.jpg 1024w, https:\/\/casadedois.com.br\/blog\/wp-content\/uploads\/2020\/07\/sorin-cicos-tKLk2qVgYSs-unsplash-300x200.jpg 300w, https:\/\/casadedois.com.br\/blog\/wp-content\/uploads\/2020\/07\/sorin-cicos-tKLk2qVgYSs-unsplash-768x512.jpg 768w, https:\/\/casadedois.com.br\/blog\/wp-content\/uploads\/2020\/07\/sorin-cicos-tKLk2qVgYSs-unsplash-840x560.jpg 840w, https:\/\/casadedois.com.br\/blog\/wp-content\/uploads\/2020\/07\/sorin-cicos-tKLk2qVgYSs-unsplash-260x174.jpg 260w, https:\/\/casadedois.com.br\/blog\/wp-content\/uploads\/2020\/07\/sorin-cicos-tKLk2qVgYSs-unsplash-370x246.jpg 370w, https:\/\/casadedois.com.br\/blog\/wp-content\/uploads\/2020\/07\/sorin-cicos-tKLk2qVgYSs-unsplash-283x188.jpg 283w, https:\/\/casadedois.com.br\/blog\/wp-content\/uploads\/2020\/07\/sorin-cicos-tKLk2qVgYSs-unsplash.jpg 1920w\" sizes=\"auto, (max-width: 1024px) 100vw, 1024px\" \/><figcaption>Cidade de Meteora| Fonte: Unsplash<\/figcaption><\/figure><\/div>\n\n\n\n<p>Inclua tamb\u00e9m uma visita a Nafplio que fica a 2 horas de Atenas, uma das mais belas cidades do pa\u00eds, com estilo veneziano e rodeada por vin\u00edcolas. Outras cidades que tamb\u00e9m valem uma visita s\u00e3o Ol\u00edmpia e as Ru\u00ednas de Delfos.<\/p>\n\n\n\n<h3 class=\"wp-block-heading\">MYKONOS E SANTORINI<\/h3>\n\n\n\n<p>Continuam sendo as ilhas mais procuradas pelos brasileiros. Mykonos \u00e9 a ilha mais badalada do pa\u00eds, com muitos restaurantes e beach clubs. \u00c9 a ilha para ver e ser visto.<\/p>\n\n\n\n<p>Durante o dia, aproveite para conhecer as belezas naturais de Mykonos e aventure-se pelas vielas de Chora, conhecendo pequenos caf\u00e9s, lojas de artesanato e tantos outros atrativos. Little Venice \u00e9 o agito central, \u00e9 um dos locais perfeito para assistir o p\u00f4r-do-sol junto com os moinhos de vento.<\/p>\n\n\n\n<div class=\"wp-block-image\"><figure class=\"aligncenter size-large\"><img loading=\"lazy\" decoding=\"async\" width=\"1024\" height=\"683\" src=\"http:\/\/casadedois.com.br\/blog\/wp-content\/uploads\/2020\/07\/chris-ouzounis-NGML_9yQlp8-unsplash-1024x683.jpg\" alt=\"LUA DE MEL NA GR\u00c9CIA\" class=\"wp-image-8186\" srcset=\"https:\/\/casadedois.com.br\/blog\/wp-content\/uploads\/2020\/07\/chris-ouzounis-NGML_9yQlp8-unsplash-1024x683.jpg 1024w, https:\/\/casadedois.com.br\/blog\/wp-content\/uploads\/2020\/07\/chris-ouzounis-NGML_9yQlp8-unsplash-300x200.jpg 300w, https:\/\/casadedois.com.br\/blog\/wp-content\/uploads\/2020\/07\/chris-ouzounis-NGML_9yQlp8-unsplash-768x512.jpg 768w, https:\/\/casadedois.com.br\/blog\/wp-content\/uploads\/2020\/07\/chris-ouzounis-NGML_9yQlp8-unsplash-840x560.jpg 840w, https:\/\/casadedois.com.br\/blog\/wp-content\/uploads\/2020\/07\/chris-ouzounis-NGML_9yQlp8-unsplash-260x174.jpg 260w, https:\/\/casadedois.com.br\/blog\/wp-content\/uploads\/2020\/07\/chris-ouzounis-NGML_9yQlp8-unsplash-370x246.jpg 370w, https:\/\/casadedois.com.br\/blog\/wp-content\/uploads\/2020\/07\/chris-ouzounis-NGML_9yQlp8-unsplash-283x188.jpg 283w, https:\/\/casadedois.com.br\/blog\/wp-content\/uploads\/2020\/07\/chris-ouzounis-NGML_9yQlp8-unsplash.jpg 1920w\" sizes=\"auto, (max-width: 1024px) 100vw, 1024px\" \/><figcaption>Mykonos | Fonte: Unsplash<\/figcaption><\/figure><\/div>\n\n\n\n<p>Santorini tem um dos mais lindos pores do sol do mundo, o vilarejo de Oia com suas casinhas brancas e igrejas de domo azul, retratam a imagem que temos da Gr\u00e9cia. \u00c9 uma ilha vulc\u00e2nica e apesar do mar cristalino, suas praias tem areia escura, diferente de suas ilhas vizinhas. Se h\u00e1 um lugar que n\u00e3o pode faltar no seu roteiro de lua de mel, sem d\u00favida \u00e9 Santorini.<\/p>\n\n\n\n<div class=\"wp-block-image\"><figure class=\"aligncenter size-large\"><img loading=\"lazy\" decoding=\"async\" width=\"1024\" height=\"768\" src=\"http:\/\/casadedois.com.br\/blog\/wp-content\/uploads\/2020\/07\/andreas-m-HJeBESQnXwA-unsplash-1024x768.jpg\" alt=\"LUA DE MEL NA GR\u00c9CIA\" class=\"wp-image-8188\" srcset=\"https:\/\/casadedois.com.br\/blog\/wp-content\/uploads\/2020\/07\/andreas-m-HJeBESQnXwA-unsplash-1024x768.jpg 1024w, https:\/\/casadedois.com.br\/blog\/wp-content\/uploads\/2020\/07\/andreas-m-HJeBESQnXwA-unsplash-300x225.jpg 300w, https:\/\/casadedois.com.br\/blog\/wp-content\/uploads\/2020\/07\/andreas-m-HJeBESQnXwA-unsplash-768x576.jpg 768w, https:\/\/casadedois.com.br\/blog\/wp-content\/uploads\/2020\/07\/andreas-m-HJeBESQnXwA-unsplash-370x277.jpg 370w, https:\/\/casadedois.com.br\/blog\/wp-content\/uploads\/2020\/07\/andreas-m-HJeBESQnXwA-unsplash-283x212.jpg 283w, https:\/\/casadedois.com.br\/blog\/wp-content\/uploads\/2020\/07\/andreas-m-HJeBESQnXwA-unsplash.jpg 1920w\" sizes=\"auto, (max-width: 1024px) 100vw, 1024px\" \/><figcaption>Santorini | Fonte: Unsplash<\/figcaption><\/figure><\/div>\n\n\n\n<div class=\"wp-block-image\"><figure class=\"aligncenter size-large\"><img loading=\"lazy\" decoding=\"async\" width=\"960\" height=\"600\" src=\"http:\/\/casadedois.com.br\/blog\/wp-content\/uploads\/2020\/07\/Santorini-Greece-is-1.jpg\" alt=\"LUA DE MEL NA GR\u00c9CIA\" class=\"wp-image-8175\" srcset=\"https:\/\/casadedois.com.br\/blog\/wp-content\/uploads\/2020\/07\/Santorini-Greece-is-1.jpg 960w, https:\/\/casadedois.com.br\/blog\/wp-content\/uploads\/2020\/07\/Santorini-Greece-is-1-300x188.jpg 300w, https:\/\/casadedois.com.br\/blog\/wp-content\/uploads\/2020\/07\/Santorini-Greece-is-1-768x480.jpg 768w, https:\/\/casadedois.com.br\/blog\/wp-content\/uploads\/2020\/07\/Santorini-Greece-is-1-370x231.jpg 370w, https:\/\/casadedois.com.br\/blog\/wp-content\/uploads\/2020\/07\/Santorini-Greece-is-1-283x176.jpg 283w\" sizes=\"auto, (max-width: 960px) 100vw, 960px\" \/><figcaption>Vilarejo de Oia | Fonte: Greece-is.com \u00a9 Pericles Merakos<\/figcaption><\/figure><\/div>\n\n\n\n<h3 class=\"wp-block-heading\">MILOS<\/h3>\n\n\n\n<p>Uma ilha menos conhecida na rota tur\u00edstica, mas com atra\u00e7\u00f5es fascinantes, quanto mais voc\u00ea pesquisa sobre ela, mais voc\u00ea se encanta.<\/p>\n\n\n\n<p>Klima \u00e9 uma das aldeias, bem conservada e pitoresca, o que a torna t\u00e3o especial s\u00e3o as \u201csyrmata\u201d: casas escavadas na rocha junto \u00e0 linha de \u00e1gua cujo piso inferior servia de abrigo para proteger os barcos do mau tempo e o superior para habita\u00e7\u00e3o dos pescadores.&nbsp;<\/p>\n\n\n\n<div class=\"wp-block-image\"><figure class=\"aligncenter size-large\"><img loading=\"lazy\" decoding=\"async\" width=\"1024\" height=\"683\" src=\"http:\/\/casadedois.com.br\/blog\/wp-content\/uploads\/2020\/07\/david-t-KeTZcPnlIjE-unsplash-1024x683.jpg\" alt=\"LUA DE MEL NA GR\u00c9CIA\" class=\"wp-image-8183\" srcset=\"https:\/\/casadedois.com.br\/blog\/wp-content\/uploads\/2020\/07\/david-t-KeTZcPnlIjE-unsplash-1024x683.jpg 1024w, https:\/\/casadedois.com.br\/blog\/wp-content\/uploads\/2020\/07\/david-t-KeTZcPnlIjE-unsplash-300x200.jpg 300w, https:\/\/casadedois.com.br\/blog\/wp-content\/uploads\/2020\/07\/david-t-KeTZcPnlIjE-unsplash-768x512.jpg 768w, https:\/\/casadedois.com.br\/blog\/wp-content\/uploads\/2020\/07\/david-t-KeTZcPnlIjE-unsplash-840x560.jpg 840w, https:\/\/casadedois.com.br\/blog\/wp-content\/uploads\/2020\/07\/david-t-KeTZcPnlIjE-unsplash-260x174.jpg 260w, https:\/\/casadedois.com.br\/blog\/wp-content\/uploads\/2020\/07\/david-t-KeTZcPnlIjE-unsplash-370x246.jpg 370w, https:\/\/casadedois.com.br\/blog\/wp-content\/uploads\/2020\/07\/david-t-KeTZcPnlIjE-unsplash-283x188.jpg 283w, https:\/\/casadedois.com.br\/blog\/wp-content\/uploads\/2020\/07\/david-t-KeTZcPnlIjE-unsplash.jpg 1920w\" sizes=\"auto, (max-width: 1024px) 100vw, 1024px\" \/><figcaption>Milos| Fonte: Unsplash<\/figcaption><\/figure><\/div>\n\n\n\n<figure class=\"wp-block-image size-large\"><img loading=\"lazy\" decoding=\"async\" width=\"1024\" height=\"683\" src=\"http:\/\/casadedois.com.br\/blog\/wp-content\/uploads\/2020\/07\/nemanja-o-JTvFwdkgyOk-unsplash-1024x683.jpg\" alt=\"LUA DE MEL NA GR\u00c9CIA\" class=\"wp-image-8178\" srcset=\"https:\/\/casadedois.com.br\/blog\/wp-content\/uploads\/2020\/07\/nemanja-o-JTvFwdkgyOk-unsplash-1024x683.jpg 1024w, https:\/\/casadedois.com.br\/blog\/wp-content\/uploads\/2020\/07\/nemanja-o-JTvFwdkgyOk-unsplash-300x200.jpg 300w, https:\/\/casadedois.com.br\/blog\/wp-content\/uploads\/2020\/07\/nemanja-o-JTvFwdkgyOk-unsplash-768x512.jpg 768w, https:\/\/casadedois.com.br\/blog\/wp-content\/uploads\/2020\/07\/nemanja-o-JTvFwdkgyOk-unsplash-840x560.jpg 840w, https:\/\/casadedois.com.br\/blog\/wp-content\/uploads\/2020\/07\/nemanja-o-JTvFwdkgyOk-unsplash-260x174.jpg 260w, https:\/\/casadedois.com.br\/blog\/wp-content\/uploads\/2020\/07\/nemanja-o-JTvFwdkgyOk-unsplash-370x246.jpg 370w, https:\/\/casadedois.com.br\/blog\/wp-content\/uploads\/2020\/07\/nemanja-o-JTvFwdkgyOk-unsplash-283x188.jpg 283w, https:\/\/casadedois.com.br\/blog\/wp-content\/uploads\/2020\/07\/nemanja-o-JTvFwdkgyOk-unsplash.jpg 1920w\" sizes=\"auto, (max-width: 1024px) 100vw, 1024px\" \/><figcaption>Milos Beach | Fonte: Unsplash<\/figcaption><\/figure>\n\n\n\n<p>Entre os passeios que n\u00e3o podem faltar no seu roteiro, est\u00e1 \u00e0 visita a Kleftiko, cart\u00e3o postal do lugar, conjunto de impressionantes rochas brancas vulc\u00e2nicas nas aguas azul-turquesa, acessadas apenas por barcos.<\/p>\n\n\n\n<h3 class=\"wp-block-heading\">NAXOS E PAROS<\/h3>\n\n\n\n<p>Naxos e Paros tamb\u00e9m s\u00e3o duas op\u00e7\u00f5es para sair do \u00f3bvio na sua lua de mel na Gr\u00e9cia.<\/p>\n\n\n\n<p>Em Naxos o solo \u00e9 muito f\u00e9rtil, sendo uma das melhores produtoras de queijo kefalotiri da Gr\u00e9cia. Preserva um clima menos tur\u00edstico e mais buc\u00f3lico, mas tem atra\u00eddo cada vez mais turista devido \u00e0s lindas praias. Entre elas est\u00e3o algumas eleitas como as melhores praias da Europa, Agios Prokopios e Agios Georgios.<\/p>\n\n\n\n<div class=\"wp-block-image\"><figure class=\"aligncenter size-large\"><img loading=\"lazy\" decoding=\"async\" width=\"1024\" height=\"683\" src=\"http:\/\/casadedois.com.br\/blog\/wp-content\/uploads\/2020\/07\/nathan-van-de-graaf-c0n481CZm6c-unsplash-1024x683.jpg\" alt=\"LUA DE MEL NA GR\u00c9CIA\" class=\"wp-image-8179\" srcset=\"https:\/\/casadedois.com.br\/blog\/wp-content\/uploads\/2020\/07\/nathan-van-de-graaf-c0n481CZm6c-unsplash-1024x683.jpg 1024w, https:\/\/casadedois.com.br\/blog\/wp-content\/uploads\/2020\/07\/nathan-van-de-graaf-c0n481CZm6c-unsplash-300x200.jpg 300w, https:\/\/casadedois.com.br\/blog\/wp-content\/uploads\/2020\/07\/nathan-van-de-graaf-c0n481CZm6c-unsplash-768x512.jpg 768w, https:\/\/casadedois.com.br\/blog\/wp-content\/uploads\/2020\/07\/nathan-van-de-graaf-c0n481CZm6c-unsplash-840x560.jpg 840w, https:\/\/casadedois.com.br\/blog\/wp-content\/uploads\/2020\/07\/nathan-van-de-graaf-c0n481CZm6c-unsplash-260x174.jpg 260w, https:\/\/casadedois.com.br\/blog\/wp-content\/uploads\/2020\/07\/nathan-van-de-graaf-c0n481CZm6c-unsplash-370x246.jpg 370w, https:\/\/casadedois.com.br\/blog\/wp-content\/uploads\/2020\/07\/nathan-van-de-graaf-c0n481CZm6c-unsplash-283x188.jpg 283w, https:\/\/casadedois.com.br\/blog\/wp-content\/uploads\/2020\/07\/nathan-van-de-graaf-c0n481CZm6c-unsplash.jpg 1920w\" sizes=\"auto, (max-width: 1024px) 100vw, 1024px\" \/><figcaption>Naxos | Fonte: Unsplash<\/figcaption><\/figure><\/div>\n\n\n\n<p>Paros tem um ar grego cl\u00e1ssico, mas menos badalada que as vizinhas Santorini e Mykonos. Em Parikia, capital da ilha voc\u00ea pode se perder nos labirintos de pequenas ruas, entre casinhas brancas, janelas azuis, pequenas igrejas, lojinhas e muita cultura grega.<\/p>\n\n\n\n<div class=\"wp-block-image\"><figure class=\"aligncenter size-large\"><img loading=\"lazy\" decoding=\"async\" width=\"960\" height=\"600\" src=\"http:\/\/casadedois.com.br\/blog\/wp-content\/uploads\/2020\/07\/Paros.jpg\" alt=\"LUA DE MEL NA GR\u00c9CIA\" class=\"wp-image-8177\" srcset=\"https:\/\/casadedois.com.br\/blog\/wp-content\/uploads\/2020\/07\/Paros.jpg 960w, https:\/\/casadedois.com.br\/blog\/wp-content\/uploads\/2020\/07\/Paros-300x188.jpg 300w, https:\/\/casadedois.com.br\/blog\/wp-content\/uploads\/2020\/07\/Paros-768x480.jpg 768w, https:\/\/casadedois.com.br\/blog\/wp-content\/uploads\/2020\/07\/Paros-370x231.jpg 370w, https:\/\/casadedois.com.br\/blog\/wp-content\/uploads\/2020\/07\/Paros-283x176.jpg 283w\" sizes=\"auto, (max-width: 960px) 100vw, 960px\" \/><figcaption>Paros | Fonte: Greece-is.com \u00a9 Shutterstock<\/figcaption><\/figure><\/div>\n\n\n\n<p>Uma atra\u00e7\u00e3o que s\u00f3 tem acesso para quem est\u00e1 em Paros \u00e9 a ilhota de Antiparos, ainda mais tranquila, vale um passeio ou at\u00e9 mesmo uma estadia. De praia com mar raso, transparente e \u00e1gua de diferentes tons de azul. Muito exclusiva e rom\u00e2ntica!<\/p>\n\n\n\n<h3 class=\"wp-block-heading\">RODES<\/h3>\n\n\n\n<p>\u00c9 um destino bastante encantador e com muita hist\u00f3ria.<\/p>\n\n\n\n<p>A cidade medieval de Rodes deve ser seu primeiro ponto de parada. Foi reconstru\u00edda pelos italianos em 1856 e aqui voc\u00ea se depara com o passado mais recente da Gr\u00e9cia. Por isso, deixe um tempo para explorar com calma suas avenidas e labir\u00ednticas vielas. <\/p>\n\n\n\n<p>Voc\u00ea ira encontrar as funda\u00e7\u00f5es do templo de Afrodite, o Museu Arqueol\u00f3gico, al\u00e9m de casas antigas, capelas, mesquitas, os principais monumentos da cidade.<\/p>\n\n\n\n<p>Lindos \u00e9 outro \u00f3timo motivo para visitar a ilha. A cidade tradicional (a 55 km da cidade de Rodes) se assemelha a uma encantadora vila das C\u00edclades, \u00e9 a maior cidade da Ilha e local de uma imponente acr\u00f3pole.<\/p>\n\n\n\n<p>Mas n\u00e3o se engane a costa de Rodes oferece uma serie de lindas praias para completar a viagem.<\/p>\n\n\n\n<div class=\"wp-block-image\"><figure class=\"aligncenter size-large\"><img loading=\"lazy\" decoding=\"async\" width=\"960\" height=\"600\" src=\"http:\/\/casadedois.com.br\/blog\/wp-content\/uploads\/2020\/07\/Rodes-Greece-is.jpg\" alt=\"LUA DE MEL NA GR\u00c9CIA\" class=\"wp-image-8176\" srcset=\"https:\/\/casadedois.com.br\/blog\/wp-content\/uploads\/2020\/07\/Rodes-Greece-is.jpg 960w, https:\/\/casadedois.com.br\/blog\/wp-content\/uploads\/2020\/07\/Rodes-Greece-is-300x188.jpg 300w, https:\/\/casadedois.com.br\/blog\/wp-content\/uploads\/2020\/07\/Rodes-Greece-is-768x480.jpg 768w, https:\/\/casadedois.com.br\/blog\/wp-content\/uploads\/2020\/07\/Rodes-Greece-is-370x231.jpg 370w, https:\/\/casadedois.com.br\/blog\/wp-content\/uploads\/2020\/07\/Rodes-Greece-is-283x176.jpg 283w\" sizes=\"auto, (max-width: 960px) 100vw, 960px\" \/><figcaption>A acr\u00f3pole de Lindos em Rodes |Fonte: Greece-is.com \u00a9 Costas Spathis, Minist\u00e9rio da Cultura e Esportes \/ Ephorate of Dodecanese<\/figcaption><\/figure><\/div>\n\n\n\n<h3 class=\"wp-block-heading\">ZAKYNTHOS E KEFALONIA<\/h3>\n\n\n\n<p>Fazem parte do conjunto das Ilhas J\u00f4nicas. Quando pensamos em Zakynthos j\u00e1 vem \u00e0 cabe\u00e7a o cart\u00e3o postal da ilha, a famosa praia de Navagio Beach, eleita muitas vezes a mais bonita do mundo. O cen\u00e1rio \u00e9 realmente incr\u00edvel, o \u00fanico jeito de acess\u00e1-la \u00e9 de barco e n\u00e3o pode faltar no seu itiner\u00e1rio claro! Mas, tamb\u00e9m \u00e9 poss\u00edvel vela de cima, atrav\u00e9s do mirante Navagio Beach Lookout.<\/p>\n\n\n\n<p>Kefalonia \u00e9 a maior ilha do arquip\u00e9lago, muitas praias e um destino mais selvagem digamos assim&#8230;tem muito a ser descoberta ainda. Entre as praias imperd\u00edveis ent\u00e3o Myrtos Beach, a mais linda da ilha, Forki Beach \u00e9 cercada de pinheiros e Fteri Beach que s\u00f3 tem acesso de barco tem um mar azul turquesa contrastando com o branco de um grande rochedo.<\/p>\n\n\n\n<div class=\"wp-block-image\"><figure class=\"aligncenter size-large is-resized\"><img loading=\"lazy\" decoding=\"async\" src=\"http:\/\/casadedois.com.br\/blog\/wp-content\/uploads\/2020\/07\/evan-verni-UtanBSZh1ZM-unsplash-1-1024x768.jpg\" alt=\"LUA DE MEL NA GR\u00c9CIA\" class=\"wp-image-8182\" width=\"580\" height=\"435\" srcset=\"https:\/\/casadedois.com.br\/blog\/wp-content\/uploads\/2020\/07\/evan-verni-UtanBSZh1ZM-unsplash-1-1024x768.jpg 1024w, https:\/\/casadedois.com.br\/blog\/wp-content\/uploads\/2020\/07\/evan-verni-UtanBSZh1ZM-unsplash-1-300x225.jpg 300w, https:\/\/casadedois.com.br\/blog\/wp-content\/uploads\/2020\/07\/evan-verni-UtanBSZh1ZM-unsplash-1-768x576.jpg 768w, https:\/\/casadedois.com.br\/blog\/wp-content\/uploads\/2020\/07\/evan-verni-UtanBSZh1ZM-unsplash-1-370x277.jpg 370w, https:\/\/casadedois.com.br\/blog\/wp-content\/uploads\/2020\/07\/evan-verni-UtanBSZh1ZM-unsplash-1-283x212.jpg 283w, https:\/\/casadedois.com.br\/blog\/wp-content\/uploads\/2020\/07\/evan-verni-UtanBSZh1ZM-unsplash-1.jpg 1920w\" sizes=\"auto, (max-width: 580px) 100vw, 580px\" \/><figcaption>Kefalonia | Fonte: Unsplash<\/figcaption><\/figure><\/div>\n\n\n\n<h3 class=\"wp-block-heading\">CRETA<\/h3>\n\n\n\n<p>Muito al\u00e9m das belezas naturais e arqueol\u00f3gicas, a ilha mant\u00e9m muito da cultura e tradi\u00e7\u00e3o grega ainda viva, com um povo gentil e hospitaleiro. Uma ilha extensa e completa que vale uma viagem por si s\u00f3. Os vilarejos que valem uma parada s\u00e3o Agios Nikolaos, Retimno, Chania e Heraklion, sua capital.<\/p>\n\n\n\n<div class=\"wp-block-image\"><figure class=\"aligncenter size-large\"><img loading=\"lazy\" decoding=\"async\" width=\"1024\" height=\"681\" src=\"http:\/\/casadedois.com.br\/blog\/wp-content\/uploads\/2020\/07\/Crete_Heraklion_Knossos_8573_photo-Y-Skoulas-1024x681.jpg\" alt=\"LUA DE MEL NA GR\u00c9CIA\" class=\"wp-image-8184\" srcset=\"https:\/\/casadedois.com.br\/blog\/wp-content\/uploads\/2020\/07\/Crete_Heraklion_Knossos_8573_photo-Y-Skoulas-1024x681.jpg 1024w, https:\/\/casadedois.com.br\/blog\/wp-content\/uploads\/2020\/07\/Crete_Heraklion_Knossos_8573_photo-Y-Skoulas-300x200.jpg 300w, https:\/\/casadedois.com.br\/blog\/wp-content\/uploads\/2020\/07\/Crete_Heraklion_Knossos_8573_photo-Y-Skoulas-768x511.jpg 768w, https:\/\/casadedois.com.br\/blog\/wp-content\/uploads\/2020\/07\/Crete_Heraklion_Knossos_8573_photo-Y-Skoulas-840x560.jpg 840w, https:\/\/casadedois.com.br\/blog\/wp-content\/uploads\/2020\/07\/Crete_Heraklion_Knossos_8573_photo-Y-Skoulas-260x174.jpg 260w, https:\/\/casadedois.com.br\/blog\/wp-content\/uploads\/2020\/07\/Crete_Heraklion_Knossos_8573_photo-Y-Skoulas-370x246.jpg 370w, https:\/\/casadedois.com.br\/blog\/wp-content\/uploads\/2020\/07\/Crete_Heraklion_Knossos_8573_photo-Y-Skoulas-283x188.jpg 283w, https:\/\/casadedois.com.br\/blog\/wp-content\/uploads\/2020\/07\/Crete_Heraklion_Knossos_8573_photo-Y-Skoulas.jpg 2000w\" sizes=\"auto, (max-width: 1024px) 100vw, 1024px\" \/><figcaption>Pal\u00e1cio de Knossos em Heraklion | Fonte: VisitGreece.gr<\/figcaption><\/figure><\/div>\n\n\n\n<p>Al\u00e9m disso, vale desbravar as praias mais lindas, entre elas Elafonisi&nbsp; e Falassarna<strong>, <\/strong>as duas com mar azul turquesa, areia rosada e estrutura completa de beach clubs. Balos Beach, a mais linda e famosa de Creta e uma das mais bonitas da Gr\u00e9cia, com mar calmo e \u00e1gua cristalina, o visual para chegar at\u00e9 ela \u00e9 incr\u00edvel, n\u00e3o tem como n\u00e3o se apaixonar.<\/p>\n\n\n\n<div class=\"wp-block-image\"><figure class=\"aligncenter size-large\"><img loading=\"lazy\" decoding=\"async\" width=\"1024\" height=\"681\" src=\"http:\/\/casadedois.com.br\/blog\/wp-content\/uploads\/2020\/07\/Crete_Chania_Balos_4771_photo-Y-Skoulas-1024x681.jpg\" alt=\"LUA DE MEL NA GR\u00c9CIA\" class=\"wp-image-8185\" srcset=\"https:\/\/casadedois.com.br\/blog\/wp-content\/uploads\/2020\/07\/Crete_Chania_Balos_4771_photo-Y-Skoulas-1024x681.jpg 1024w, https:\/\/casadedois.com.br\/blog\/wp-content\/uploads\/2020\/07\/Crete_Chania_Balos_4771_photo-Y-Skoulas-300x200.jpg 300w, https:\/\/casadedois.com.br\/blog\/wp-content\/uploads\/2020\/07\/Crete_Chania_Balos_4771_photo-Y-Skoulas-768x511.jpg 768w, https:\/\/casadedois.com.br\/blog\/wp-content\/uploads\/2020\/07\/Crete_Chania_Balos_4771_photo-Y-Skoulas-840x560.jpg 840w, https:\/\/casadedois.com.br\/blog\/wp-content\/uploads\/2020\/07\/Crete_Chania_Balos_4771_photo-Y-Skoulas-260x174.jpg 260w, https:\/\/casadedois.com.br\/blog\/wp-content\/uploads\/2020\/07\/Crete_Chania_Balos_4771_photo-Y-Skoulas-370x246.jpg 370w, https:\/\/casadedois.com.br\/blog\/wp-content\/uploads\/2020\/07\/Crete_Chania_Balos_4771_photo-Y-Skoulas-283x188.jpg 283w, https:\/\/casadedois.com.br\/blog\/wp-content\/uploads\/2020\/07\/Crete_Chania_Balos_4771_photo-Y-Skoulas.jpg 2000w\" sizes=\"auto, (max-width: 1024px) 100vw, 1024px\" \/><figcaption><br>Balos Beach | Fonte: VisitGreece.g<\/figcaption><\/figure><\/div>\n\n\n\n<p>Mencionamos aqui apenas uma parte das muitas ilhas que voc\u00ea pode visitar na Gr\u00e9cia, h\u00e1 ainda muitas outras a serem exploradas. Conte com a nossa <strong>consultoria<\/strong> para te ajudar a escolher as melhores op\u00e7\u00f5es e ajuda-lo a desenhar um <strong>roteiro todo personalizado<\/strong> nos m\u00ednimos detalhes, pois sua <strong>viagem<\/strong> merece todo o <strong>cuidado, carinho e aten\u00e7\u00e3o<\/strong>.<\/p>\n\n\n\n<p>Algumas curiosidades desse lindo pa\u00eds:<\/p>\n\n\n\n<p>&#8211; A Gr\u00e9cia \u00e9 um dos 15 pa\u00edses com o maior n\u00famero de locais considerados patrim\u00f4nios mundiais pela UNESCO.<\/p>\n\n\n\n<p>&#8211; Usam muito a cor azul-turquesa, devido a uma antiga cren\u00e7a de que esse tom de azul mant\u00e9m o mal afastado.<\/p>\n\n\n\n<p>&#8211; Um dos maiores produtores e o maior consumidor de azeite do mundo.<\/p>\n\n\n\n<p>&#8211; Ouzo \u00e9 um licor a base de anis produzido a partir da fermenta\u00e7\u00e3o da casca de uva e de gradua\u00e7\u00e3o alco\u00f3lica alta. A bebida \u00e9 apreciada fria servida em copos pequenos com pedras de gelo ou at\u00e9 mesmo misturada com uma pequena quantidade de \u00e1gua.<\/p>\n\n\n\n<h4 class=\"wp-block-heading\"><a href=\"https:\/\/materiais.casadedois.com.br\/_lua-de-mel_-grecia\" target=\"_blank\" rel=\"noreferrer noopener\">Baixe nosso e-book com todas as dicas desse destino incr\u00edvel! <\/a><\/h4>\n\n\n\n<h4 class=\"wp-block-heading\">Conhe\u00e7a tamb\u00e9m outros destinos de Lua de Mel<\/h4>\n\n\n\n<ul class=\"wp-block-list\"><li><a href=\"https:\/\/materiais.casadedois.com.br\/_lua-de-mel_polinesia-francesa\" target=\"_blank\" rel=\"noreferrer noopener\">Polin\u00e9sia Francesa<\/a><\/li><li><a href=\"http:\/\/casadedois.com.br\/blog\/lua-de-mel-nas-ilhas-mauritius\/\" target=\"_blank\" rel=\"noreferrer noopener\">Ilhas Mauritius<\/a><\/li><\/ul>\n\n\n\n<p>Se quiser falar sobre lua de mel \u00e9 s\u00f3 mandar e-mail para:&nbsp;<a href=\"mailto:viagem@casadedois.com.br\" target=\"_blank\" rel=\"noreferrer noopener\">viagem@casadedois.com.br<\/a>&nbsp;ou dar um Al\u00f4 por&nbsp;<a href=\"https:\/\/api.whatsapp.com\/send?phone=5511941736893\" target=\"_blank\" rel=\"noreferrer noopener\">aqui<\/a><\/p>\n","protected":false},"excerpt":{"rendered":"<p>Lua de mel na Gr\u00e9cia, um destino que re\u00fane atra\u00e7\u00f5es que v\u00e3o desde lindas praias, paisagens deslumbrantes de montanhas, vulc\u00f5es, cavernas e muitos monumentos culturais e hist\u00f3ricos. Os gregos sem d\u00favida influenciaram na hist\u00f3ria do mundo, na pol\u00edtica, nas artes&#8230;<\/p>\n","protected":false},"author":2,"featured_media":8181,"comment_status":"open","ping_status":"open","sticky":false,"template":"","format":"standard","meta":{"footnotes":""},"categories":[10],"tags":[294,482,491,120,492,493,112,494],"class_list":["post-8173","post","type-post","status-publish","format-standard","has-post-thumbnail","hentry","category-a-casa-de-dois","tag-casa-de-dois","tag-casa-de-dois-destination-wedding","tag-grecia","tag-lua-de-mel","tag-lua-de-mel-na-grecia","tag-mykonos","tag-noivos","tag-santorini"],"jetpack_featured_media_url":"https:\/\/casadedois.com.br\/blog\/wp-content\/uploads\/2020\/07\/Lua-de-mel.png","_links":{"self":[{"href":"https:\/\/casadedois.com.br\/blog\/wp-json\/wp\/v2\/posts\/8173","targetHints":{"allow":["GET"]}}],"collection":[{"href":"https:\/\/casadedois.com.br\/blog\/wp-json\/wp\/v2\/posts"}],"about":[{"href":"https:\/\/casadedois.com.br\/blog\/wp-json\/wp\/v2\/types\/post"}],"author":[{"embeddable":true,"href":"https:\/\/casadedois.com.br\/blog\/wp-json\/wp\/v2\/users\/2"}],"replies":[{"embeddable":true,"href":"https:\/\/casadedois.com.br\/blog\/wp-json\/wp\/v2\/comments?post=8173"}],"version-history":[{"count":8,"href":"https:\/\/casadedois.com.br\/blog\/wp-json\/wp\/v2\/posts\/8173\/revisions"}],"predecessor-version":[{"id":8441,"href":"https:\/\/casadedois.com.br\/blog\/wp-json\/wp\/v2\/posts\/8173\/revisions\/8441"}],"wp:featuredmedia":[{"embeddable":true,"href":"https:\/\/casadedois.com.br\/blog\/wp-json\/wp\/v2\/media\/8181"}],"wp:attachment":[{"href":"https:\/\/casadedois.com.br\/blog\/wp-json\/wp\/v2\/media?parent=8173"}],"wp:term":[{"taxonomy":"category","embeddable":true,"href":"https:\/\/casadedois.com.br\/blog\/wp-json\/wp\/v2\/categories?post=8173"},{"taxonomy":"post_tag","embeddable":true,"href":"https:\/\/casadedois.com.br\/blog\/wp-json\/wp\/v2\/tags?post=8173"}],"curies":[{"name":"wp","href":"https:\/\/api.w.org\/{rel}","templated":true}]}}